{"id":1062,"date":"2018-10-25T22:01:55","date_gmt":"2018-10-26T01:01:55","guid":{"rendered":"http:\/\/www.tribunanf.com.br\/blogdoralfereis\/?p=1062"},"modified":"2018-10-25T22:03:19","modified_gmt":"2018-10-26T01:03:19","slug":"rafael-diniz-e-marcao-na-luta-pela-candidatura-de-eduardo-paes","status":"publish","type":"post","link":"https:\/\/www.tribunanf.com.br\/blogdoralfereis\/2018\/10\/25\/rafael-diniz-e-marcao-na-luta-pela-candidatura-de-eduardo-paes\/","title":{"rendered":"Rafael Diniz e Marc\u00e3o na luta pela candidatura de Eduardo Paes"},"content":{"rendered":"<p><img loading=\"lazy\" decoding=\"async\" class=\"aligncenter size-full wp-image-1063\" src=\"http:\/\/www.tribunanf.com.br\/blogdoralfereis\/wp-content\/uploads\/sites\/11\/2018\/10\/39965378_929358990585144_3442893462905552896_n.jpg\" alt=\"\" width=\"960\" height=\"638\" srcset=\"https:\/\/www.tribunanf.com.br\/blogdoralfereis\/wp-content\/uploads\/sites\/11\/2018\/10\/39965378_929358990585144_3442893462905552896_n.jpg 960w, https:\/\/www.tribunanf.com.br\/blogdoralfereis\/wp-content\/uploads\/sites\/11\/2018\/10\/39965378_929358990585144_3442893462905552896_n-300x199.jpg 300w, https:\/\/www.tribunanf.com.br\/blogdoralfereis\/wp-content\/uploads\/sites\/11\/2018\/10\/39965378_929358990585144_3442893462905552896_n-768x510.jpg 768w\" sizes=\"auto, (max-width: 960px) 100vw, 960px\" \/><\/p>\n<p style=\"text-align: justify;\">O prefeito de Campos dos Goytacazes Rafael Diniz e o ainda presidente da C\u00e2mara Municipal Marc\u00e3o Gomes, est\u00e3o correndo atr\u00e1s de votos para a candidatura de Eduardo Paes.<\/p>\n<p style=\"text-align: justify;\">O desempenho no primeiro turno deixou Rafael e Marc\u00e3o com cara de poucos amigos. Agora, segundo fontes do Cesec, Paes teria dito aos dois que os votos que tiverem na regi\u00e3o ser\u00e3o todos creditados a lideran\u00e7a dos dois.<\/p>\n<p style=\"text-align: justify;\">Realmente ser\u00e1 um grande term\u00f4metro para medir a lideran\u00e7a de Rafael Diniz e Marc\u00e3o, protagonistas do apoio da candidatura na cidade e regi\u00e3o.<\/p>\n<p style=\"text-align: justify;\">Se voc\u00ea n\u00e3o recebeu um \u00e1udio igual ao de Marc\u00e3o, cuidado que voc\u00ea poder\u00e1 estar chorando na cova errada. Afinal, n\u00e3o ser\u00e1 a primeira vez que Rafael estaria enganando a popula\u00e7\u00e3o.<\/p>\n<p style=\"text-align: justify;\">Ou\u00e7a o \u00e1udio de Paes para Marc\u00e3o:<\/p>\n<audio class=\"wp-audio-shortcode\" id=\"audio-1062-1\" preload=\"none\" style=\"width: 100%;\" controls=\"controls\"><source type=\"audio\/mpeg\" src=\"http:\/\/www.tribunanf.com.br\/blogdoralfereis\/wp-content\/uploads\/sites\/11\/2018\/10\/WhatsApp-Audio-2018-10-23-at-22.33.46.mp3?_=1\" \/><a href=\"http:\/\/www.tribunanf.com.br\/blogdoralfereis\/wp-content\/uploads\/sites\/11\/2018\/10\/WhatsApp-Audio-2018-10-23-at-22.33.46.mp3\">http:\/\/www.tribunanf.com.br\/blogdoralfereis\/wp-content\/uploads\/sites\/11\/2018\/10\/WhatsApp-Audio-2018-10-23-at-22.33.46.mp3<\/a><\/audio>\n<p>&nbsp;<\/p>\n<p>Leia tamb\u00e9m:\u00a0<a title=\"Paes envia \u00e1udio contando com o apoio do time de Rafael Diniz e Marc\u00e3o Gomes\" href=\"http:\/\/www.tribunanf.com.br\/blogdoralfereis\/2018\/10\/24\/paes-envia-audio-contando-com-o-apoio-do-time-de-rafael-diniz-e-marcao-gomes\/\">Paes envia \u00e1udio contando com o apoio do time de Rafael Diniz e Marc\u00e3o Gomes<\/a><\/p>\n","protected":false},"excerpt":{"rendered":"<p>O prefeito de Campos dos Goytacazes Rafael Diniz e o ainda presidente da C\u00e2mara Municipal Marc\u00e3o Gomes, est\u00e3o correndo atr\u00e1s&#8230;<\/p>\n","protected":false},"author":2,"featured_media":1063,"comment_status":"open","ping_status":"open","sticky":false,"template":"","format":"standard","meta":{"colormag_page_container_layout":"default_layout","colormag_page_sidebar_layout":"default_layout","jetpack_post_was_ever_published":false,"_jetpack_newsletter_access":"","_jetpack_dont_email_post_to_subs":false,"_jetpack_newsletter_tier_id":0,"_jetpack_memberships_contains_paywalled_content":false,"_jetpack_memberships_contains_paid_content":false,"footnotes":""},"categories":[2],"tags":[],"class_list":["post-1062","post","type-post","status-publish","format-standard","has-post-thumbnail","hentry","category-politica"],"jetpack_featured_media_url":"https:\/\/www.tribunanf.com.br\/blogdoralfereis\/wp-content\/uploads\/sites\/11\/2018\/10\/39965378_929358990585144_3442893462905552896_n.jpg","jetpack_sharing_enabled":true,"_links":{"self":[{"href":"https:\/\/www.tribunanf.com.br\/blogdoralfereis\/wp-json\/wp\/v2\/posts\/1062","targetHints":{"allow":["GET"]}}],"collection":[{"href":"https:\/\/www.tribunanf.com.br\/blogdoralfereis\/wp-json\/wp\/v2\/posts"}],"about":[{"href":"https:\/\/www.tribunanf.com.br\/blogdoralfereis\/wp-json\/wp\/v2\/types\/post"}],"author":[{"embeddable":true,"href":"https:\/\/www.tribunanf.com.br\/blogdoralfereis\/wp-json\/wp\/v2\/users\/2"}],"replies":[{"embeddable":true,"href":"https:\/\/www.tribunanf.com.br\/blogdoralfereis\/wp-json\/wp\/v2\/comments?post=1062"}],"version-history":[{"count":0,"href":"https:\/\/www.tribunanf.com.br\/blogdoralfereis\/wp-json\/wp\/v2\/posts\/1062\/revisions"}],"wp:featuredmedia":[{"embeddable":true,"href":"https:\/\/www.tribunanf.com.br\/blogdoralfereis\/wp-json\/wp\/v2\/media\/1063"}],"wp:attachment":[{"href":"https:\/\/www.tribunanf.com.br\/blogdoralfereis\/wp-json\/wp\/v2\/media?parent=1062"}],"wp:term":[{"taxonomy":"category","embeddable":true,"href":"https:\/\/www.tribunanf.com.br\/blogdoralfereis\/wp-json\/wp\/v2\/categories?post=1062"},{"taxonomy":"post_tag","embeddable":true,"href":"https:\/\/www.tribunanf.com.br\/blogdoralfereis\/wp-json\/wp\/v2\/tags?post=1062"}],"curies":[{"name":"wp","href":"https:\/\/api.w.org\/{rel}","templated":true}]}}