{"id":10520,"date":"2022-11-30T19:01:09","date_gmt":"2022-11-30T22:01:09","guid":{"rendered":"https:\/\/www.tribunanf.com.br\/blogdoralfereis\/?p=10520"},"modified":"2022-11-30T19:04:17","modified_gmt":"2022-11-30T22:04:17","slug":"wladimir-garotinho-parabenizo-ao-novo-presidente-marquinho-bacellar-e-a-chapa-eleita","status":"publish","type":"post","link":"https:\/\/www.tribunanf.com.br\/blogdoralfereis\/2022\/11\/30\/wladimir-garotinho-parabenizo-ao-novo-presidente-marquinho-bacellar-e-a-chapa-eleita\/","title":{"rendered":"Wladimir Garotinho: &#8216;Parabenizo ao novo presidente Marquinho Bacellar e a chapa eleita&#8217;"},"content":{"rendered":"<p><img loading=\"lazy\" decoding=\"async\" class=\"aligncenter size-large wp-image-8789\" src=\"https:\/\/www.tribunanf.com.br\/blogdoralfereis\/wp-content\/uploads\/sites\/11\/2022\/03\/wlad-1024x573.png\" alt=\"\" width=\"800\" height=\"448\" \/><\/p>\n<p style=\"text-align: justify;\">O prefeito de Campos, Wladimir Garotinho, parabenizou o vereador Marquinho Bacellar, eleito presidente da C\u00e2mara para o bi\u00eanio 2023\/2024.<\/p>\n<p style=\"text-align: justify;\">O prefeito tamb\u00e9m parabenizou toda a chapa eleita, e agradeceu o governador Cl\u00e1udio Castro que atuou para uma pacifica\u00e7\u00e3o entre os grupos.<\/p>\n<p style=\"text-align: justify;\">&#8220;Os poderes s\u00e3o independentes e para o bom andamento da cidade devem ser harm\u00f4nicos. Parabenizo ao novo presidente Marquinho Bacellar e a chapa eleita, agrade\u00e7o ao governador Cl\u00e1udio Castro por ajudar na constru\u00e7\u00e3o da pacifica\u00e7\u00e3o. Agrade\u00e7o tamb\u00e9m ao meu amigo Fabio Ribeiro por ter feito uma presid\u00eancia digna, honrada e que contribuiu para o bom andamento da cidade at\u00e9 aqui, com aprova\u00e7\u00e3o de projetos importantes para o povo campista.&#8221;, parabenizou Wladimir.<\/p>\n<p style=\"text-align: justify;\">Leia tamb\u00e9m: <a href=\"https:\/\/www.tribunanf.com.br\/blogdoralfereis\/2022\/11\/30\/marquinho-bacellar-e-eleito-presidente-da-camara-de-campos\/\" target=\"_blank\" rel=\"noopener\">Marquinho Bacellar \u00e9 eleito presidente da C\u00e2mara de Campos<\/a><\/p>\n<p style=\"text-align: justify;\"><a href=\"https:\/\/www.tribunanf.com.br\/blogdoralfereis\/2022\/11\/30\/apos-acordo-marquinho-bacellar-sera-confirmado-presidente-da-camara-e-20-de-remanejamento-para-wladimir\/\" target=\"_blank\" rel=\"noopener\">Ap\u00f3s acordo, Marquinho Bacellar ser\u00e1 confirmado presidente da C\u00e2mara e 20% de remanejamento para Wladimir<\/a><\/p>\n","protected":false},"excerpt":{"rendered":"<p>O prefeito de Campos, Wladimir Garotinho, parabenizou o vereador Marquinho Bacellar, eleito presidente da C\u00e2mara para o bi\u00eanio 2023\/2024. O&#8230;<\/p>\n","protected":false},"author":2,"featured_media":8789,"comment_status":"open","ping_status":"open","sticky":false,"template":"","format":"standard","meta":{"colormag_page_container_layout":"default_layout","colormag_page_sidebar_layout":"default_layout","jetpack_post_was_ever_published":false,"_jetpack_newsletter_access":"","_jetpack_dont_email_post_to_subs":false,"_jetpack_newsletter_tier_id":0,"_jetpack_memberships_contains_paywalled_content":false,"_jetpack_memberships_contains_paid_content":false,"footnotes":""},"categories":[2],"tags":[],"class_list":["post-10520","post","type-post","status-publish","format-standard","has-post-thumbnail","hentry","category-politica"],"jetpack_featured_media_url":"https:\/\/www.tribunanf.com.br\/blogdoralfereis\/wp-content\/uploads\/sites\/11\/2022\/03\/wlad-e1646775402199.png","jetpack_sharing_enabled":true,"_links":{"self":[{"href":"https:\/\/www.tribunanf.com.br\/blogdoralfereis\/wp-json\/wp\/v2\/posts\/10520","targetHints":{"allow":["GET"]}}],"collection":[{"href":"https:\/\/www.tribunanf.com.br\/blogdoralfereis\/wp-json\/wp\/v2\/posts"}],"about":[{"href":"https:\/\/www.tribunanf.com.br\/blogdoralfereis\/wp-json\/wp\/v2\/types\/post"}],"author":[{"embeddable":true,"href":"https:\/\/www.tribunanf.com.br\/blogdoralfereis\/wp-json\/wp\/v2\/users\/2"}],"replies":[{"embeddable":true,"href":"https:\/\/www.tribunanf.com.br\/blogdoralfereis\/wp-json\/wp\/v2\/comments?post=10520"}],"version-history":[{"count":0,"href":"https:\/\/www.tribunanf.com.br\/blogdoralfereis\/wp-json\/wp\/v2\/posts\/10520\/revisions"}],"wp:featuredmedia":[{"embeddable":true,"href":"https:\/\/www.tribunanf.com.br\/blogdoralfereis\/wp-json\/wp\/v2\/media\/8789"}],"wp:attachment":[{"href":"https:\/\/www.tribunanf.com.br\/blogdoralfereis\/wp-json\/wp\/v2\/media?parent=10520"}],"wp:term":[{"taxonomy":"category","embeddable":true,"href":"https:\/\/www.tribunanf.com.br\/blogdoralfereis\/wp-json\/wp\/v2\/categories?post=10520"},{"taxonomy":"post_tag","embeddable":true,"href":"https:\/\/www.tribunanf.com.br\/blogdoralfereis\/wp-json\/wp\/v2\/tags?post=10520"}],"curies":[{"name":"wp","href":"https:\/\/api.w.org\/{rel}","templated":true}]}}