{"id":10506,"date":"2022-11-30T10:44:34","date_gmt":"2022-11-30T13:44:34","guid":{"rendered":"https:\/\/www.tribunanf.com.br\/blogdoralfereis\/?p=10506"},"modified":"2022-11-30T10:44:34","modified_gmt":"2022-11-30T13:44:34","slug":"governo-do-rj-define-horario-do-expediente-para-os-jogos-do-brasil-no-mata-mata-da-copa","status":"publish","type":"post","link":"https:\/\/www.tribunanf.com.br\/blogdoralfereis\/2022\/11\/30\/governo-do-rj-define-horario-do-expediente-para-os-jogos-do-brasil-no-mata-mata-da-copa\/","title":{"rendered":"Governo do RJ define hor\u00e1rio do expediente para os jogos do Brasil no mata-mata da Copa"},"content":{"rendered":"<p><img loading=\"lazy\" decoding=\"async\" class=\"aligncenter size-large wp-image-10508\" src=\"https:\/\/www.tribunanf.com.br\/blogdoralfereis\/wp-content\/uploads\/sites\/11\/2022\/11\/palacio-guanabara-2017-32_Easy-Resize.com_-1024x682.jpg\" alt=\"\" width=\"800\" height=\"533\" srcset=\"https:\/\/www.tribunanf.com.br\/blogdoralfereis\/wp-content\/uploads\/sites\/11\/2022\/11\/palacio-guanabara-2017-32_Easy-Resize.com_-1024x682.jpg 1024w, https:\/\/www.tribunanf.com.br\/blogdoralfereis\/wp-content\/uploads\/sites\/11\/2022\/11\/palacio-guanabara-2017-32_Easy-Resize.com_-300x200.jpg 300w, https:\/\/www.tribunanf.com.br\/blogdoralfereis\/wp-content\/uploads\/sites\/11\/2022\/11\/palacio-guanabara-2017-32_Easy-Resize.com_-768x512.jpg 768w, https:\/\/www.tribunanf.com.br\/blogdoralfereis\/wp-content\/uploads\/sites\/11\/2022\/11\/palacio-guanabara-2017-32_Easy-Resize.com_.jpg 1280w\" sizes=\"auto, (max-width: 800px) 100vw, 800px\" \/><\/p>\n<p style=\"text-align: justify;\">O governo estadual do Rio informou, nesta quarta-feira (dia 30), como ser\u00e1 o expediente dos servidores p\u00fablicos em dias de jogos do Brasil pelas oitavas de final da Copa do Catar. O Decreto 48.260, que trata do assunto, foi publicado no Di\u00e1rio Oficial do Estado.<\/p>\n<p style=\"text-align: justify;\">&#8211; Nos dias de jogos com in\u00edcio ao meio-dia, o ponto ser\u00e1 facultativo nos \u00f3rg\u00e3os e nas entidades da administra\u00e7\u00e3o p\u00fablica estadual direta e indireta.<\/p>\n<p style=\"text-align: justify;\">&#8211; Nos dias de jogos com in\u00edcio \u00e0s 16h, o expediente come\u00e7ar\u00e1 \u00e0s 8h e se encerrar\u00e1 ao meio-dia.<\/p>\n<p style=\"text-align: justify;\">Nos casos dos servi\u00e7os que n\u00e3o admitem paralisa\u00e7\u00e3o, como os da \u00e1rea de sa\u00fade, ser\u00e1 publicada uma resolu\u00e7\u00e3o regulamentando como ficar\u00e1 o expediente nesses dias.<\/p>\n","protected":false},"excerpt":{"rendered":"<p>O governo estadual do Rio informou, nesta quarta-feira (dia 30), como ser\u00e1 o expediente dos servidores p\u00fablicos em dias de&#8230;<\/p>\n","protected":false},"author":2,"featured_media":10508,"comment_status":"open","ping_status":"open","sticky":false,"template":"","format":"standard","meta":{"colormag_page_container_layout":"default_layout","colormag_page_sidebar_layout":"default_layout","jetpack_post_was_ever_published":false,"_jetpack_newsletter_access":"","_jetpack_dont_email_post_to_subs":false,"_jetpack_newsletter_tier_id":0,"_jetpack_memberships_contains_paywalled_content":false,"_jetpack_memberships_contains_paid_content":false,"footnotes":""},"categories":[2],"tags":[],"class_list":["post-10506","post","type-post","status-publish","format-standard","has-post-thumbnail","hentry","category-politica"],"jetpack_featured_media_url":"https:\/\/www.tribunanf.com.br\/blogdoralfereis\/wp-content\/uploads\/sites\/11\/2022\/11\/palacio-guanabara-2017-32_Easy-Resize.com_.jpg","jetpack_sharing_enabled":true,"_links":{"self":[{"href":"https:\/\/www.tribunanf.com.br\/blogdoralfereis\/wp-json\/wp\/v2\/posts\/10506","targetHints":{"allow":["GET"]}}],"collection":[{"href":"https:\/\/www.tribunanf.com.br\/blogdoralfereis\/wp-json\/wp\/v2\/posts"}],"about":[{"href":"https:\/\/www.tribunanf.com.br\/blogdoralfereis\/wp-json\/wp\/v2\/types\/post"}],"author":[{"embeddable":true,"href":"https:\/\/www.tribunanf.com.br\/blogdoralfereis\/wp-json\/wp\/v2\/users\/2"}],"replies":[{"embeddable":true,"href":"https:\/\/www.tribunanf.com.br\/blogdoralfereis\/wp-json\/wp\/v2\/comments?post=10506"}],"version-history":[{"count":0,"href":"https:\/\/www.tribunanf.com.br\/blogdoralfereis\/wp-json\/wp\/v2\/posts\/10506\/revisions"}],"wp:featuredmedia":[{"embeddable":true,"href":"https:\/\/www.tribunanf.com.br\/blogdoralfereis\/wp-json\/wp\/v2\/media\/10508"}],"wp:attachment":[{"href":"https:\/\/www.tribunanf.com.br\/blogdoralfereis\/wp-json\/wp\/v2\/media?parent=10506"}],"wp:term":[{"taxonomy":"category","embeddable":true,"href":"https:\/\/www.tribunanf.com.br\/blogdoralfereis\/wp-json\/wp\/v2\/categories?post=10506"},{"taxonomy":"post_tag","embeddable":true,"href":"https:\/\/www.tribunanf.com.br\/blogdoralfereis\/wp-json\/wp\/v2\/tags?post=10506"}],"curies":[{"name":"wp","href":"https:\/\/api.w.org\/{rel}","templated":true}]}}