{"id":10496,"date":"2022-11-28T17:13:07","date_gmt":"2022-11-28T20:13:07","guid":{"rendered":"https:\/\/www.tribunanf.com.br\/blogdoralfereis\/?p=10496"},"modified":"2022-11-28T17:13:07","modified_gmt":"2022-11-28T20:13:07","slug":"camara-dos-deputados-coloca-em-pauta-proposta-para-viabilizar-piso-nacional-da-enfermagem","status":"publish","type":"post","link":"https:\/\/www.tribunanf.com.br\/blogdoralfereis\/2022\/11\/28\/camara-dos-deputados-coloca-em-pauta-proposta-para-viabilizar-piso-nacional-da-enfermagem\/","title":{"rendered":"C\u00e2mara dos Deputados coloca em pauta proposta para viabilizar piso nacional da enfermagem"},"content":{"rendered":"<figure id=\"attachment_10456\" aria-describedby=\"caption-attachment-10456\" style=\"width: 800px\" class=\"wp-caption aligncenter\"><img loading=\"lazy\" decoding=\"async\" class=\"size-large wp-image-10456\" src=\"https:\/\/www.tribunanf.com.br\/blogdoralfereis\/wp-content\/uploads\/sites\/11\/2022\/11\/camara-dep-1024x613.jpg\" alt=\"\" width=\"800\" height=\"479\" srcset=\"https:\/\/www.tribunanf.com.br\/blogdoralfereis\/wp-content\/uploads\/sites\/11\/2022\/11\/camara-dep-1024x613.jpg 1024w, https:\/\/www.tribunanf.com.br\/blogdoralfereis\/wp-content\/uploads\/sites\/11\/2022\/11\/camara-dep-300x179.jpg 300w, https:\/\/www.tribunanf.com.br\/blogdoralfereis\/wp-content\/uploads\/sites\/11\/2022\/11\/camara-dep-768x459.jpg 768w, https:\/\/www.tribunanf.com.br\/blogdoralfereis\/wp-content\/uploads\/sites\/11\/2022\/11\/camara-dep.jpg 1170w\" sizes=\"auto, (max-width: 800px) 100vw, 800px\" \/><figcaption id=\"caption-attachment-10456\" class=\"wp-caption-text\">Pal\u00e1cio do Congresso Nacional na Esplanada dos Minist\u00e9rios em Bras\u00edlia<\/figcaption><\/figure>\n<p style=\"text-align: justify;\">O plen\u00e1rio da C\u00e2mara dos Deputados se prepara para votar, nesta semana, um dos projetos de lei considerados essenciais para garantir o piso nacional da enfermagem: o Projeto de Lei Complementar (PLP) 44\/2022 permite a munic\u00edpios que realoquem os recursos recebidos originalmente para o combate \u00e0 covid-19 a outros programas da \u00e1rea da sa\u00fade \u2013 como por exemplo o pagamento aos enfermeiros.<\/p>\n<p style=\"text-align: justify;\">O projeto teve origem no Senado Federal \u2013 onde foi aprovado no m\u00eas passado. Desde o in\u00edcio do m\u00eas, o Plen\u00e1rio da C\u00e2mara j\u00e1 definiu que a proposta deve tramitar em regime de urg\u00eancia na Casa. Os deputados j\u00e1 tem sess\u00e3o a partir desta ter\u00e7a-feira (29).<\/p>\n<p style=\"text-align: justify;\">Desde que o piso nacional da enfermagem foi suspenso em setembro, por decis\u00e3o do Supremo Tribunal Federal (STF), os parlamentares buscam uma alternativa para garantir a estados e munic\u00edpios que mantenham o valor previsto por lei, de R$ 4.750.<\/p>\n","protected":false},"excerpt":{"rendered":"<p>O plen\u00e1rio da C\u00e2mara dos Deputados se prepara para votar, nesta semana, um dos projetos de lei considerados essenciais para&#8230;<\/p>\n","protected":false},"author":2,"featured_media":10456,"comment_status":"open","ping_status":"open","sticky":false,"template":"","format":"standard","meta":{"colormag_page_container_layout":"default_layout","colormag_page_sidebar_layout":"default_layout","jetpack_post_was_ever_published":false,"_jetpack_newsletter_access":"","_jetpack_dont_email_post_to_subs":false,"_jetpack_newsletter_tier_id":0,"_jetpack_memberships_contains_paywalled_content":false,"_jetpack_memberships_contains_paid_content":false,"footnotes":""},"categories":[2],"tags":[],"class_list":["post-10496","post","type-post","status-publish","format-standard","has-post-thumbnail","hentry","category-politica"],"jetpack_featured_media_url":"https:\/\/www.tribunanf.com.br\/blogdoralfereis\/wp-content\/uploads\/sites\/11\/2022\/11\/camara-dep.jpg","jetpack_sharing_enabled":true,"_links":{"self":[{"href":"https:\/\/www.tribunanf.com.br\/blogdoralfereis\/wp-json\/wp\/v2\/posts\/10496","targetHints":{"allow":["GET"]}}],"collection":[{"href":"https:\/\/www.tribunanf.com.br\/blogdoralfereis\/wp-json\/wp\/v2\/posts"}],"about":[{"href":"https:\/\/www.tribunanf.com.br\/blogdoralfereis\/wp-json\/wp\/v2\/types\/post"}],"author":[{"embeddable":true,"href":"https:\/\/www.tribunanf.com.br\/blogdoralfereis\/wp-json\/wp\/v2\/users\/2"}],"replies":[{"embeddable":true,"href":"https:\/\/www.tribunanf.com.br\/blogdoralfereis\/wp-json\/wp\/v2\/comments?post=10496"}],"version-history":[{"count":0,"href":"https:\/\/www.tribunanf.com.br\/blogdoralfereis\/wp-json\/wp\/v2\/posts\/10496\/revisions"}],"wp:featuredmedia":[{"embeddable":true,"href":"https:\/\/www.tribunanf.com.br\/blogdoralfereis\/wp-json\/wp\/v2\/media\/10456"}],"wp:attachment":[{"href":"https:\/\/www.tribunanf.com.br\/blogdoralfereis\/wp-json\/wp\/v2\/media?parent=10496"}],"wp:term":[{"taxonomy":"category","embeddable":true,"href":"https:\/\/www.tribunanf.com.br\/blogdoralfereis\/wp-json\/wp\/v2\/categories?post=10496"},{"taxonomy":"post_tag","embeddable":true,"href":"https:\/\/www.tribunanf.com.br\/blogdoralfereis\/wp-json\/wp\/v2\/tags?post=10496"}],"curies":[{"name":"wp","href":"https:\/\/api.w.org\/{rel}","templated":true}]}}