{"id":10427,"date":"2022-11-21T19:27:55","date_gmt":"2022-11-21T22:27:55","guid":{"rendered":"https:\/\/www.tribunanf.com.br\/blogdoralfereis\/?p=10427"},"modified":"2022-11-21T19:27:55","modified_gmt":"2022-11-21T22:27:55","slug":"prefeito-wladimir-decreta-luto-oficial-por-morte-do-ex-prefeito-rockfeller-de-lima","status":"publish","type":"post","link":"https:\/\/www.tribunanf.com.br\/blogdoralfereis\/2022\/11\/21\/prefeito-wladimir-decreta-luto-oficial-por-morte-do-ex-prefeito-rockfeller-de-lima\/","title":{"rendered":"Prefeito Wladimir decreta luto oficial por morte do ex-prefeito Rockfeller de Lima"},"content":{"rendered":"<p><img loading=\"lazy\" decoding=\"async\" class=\"aligncenter size-large wp-image-10428\" src=\"https:\/\/www.tribunanf.com.br\/blogdoralfereis\/wp-content\/uploads\/sites\/11\/2022\/11\/with-207770-1024x683.png\" alt=\"\" width=\"800\" height=\"534\" srcset=\"https:\/\/www.tribunanf.com.br\/blogdoralfereis\/wp-content\/uploads\/sites\/11\/2022\/11\/with-207770-1024x683.png 1024w, https:\/\/www.tribunanf.com.br\/blogdoralfereis\/wp-content\/uploads\/sites\/11\/2022\/11\/with-207770-300x200.png 300w, https:\/\/www.tribunanf.com.br\/blogdoralfereis\/wp-content\/uploads\/sites\/11\/2022\/11\/with-207770-768x512.png 768w, https:\/\/www.tribunanf.com.br\/blogdoralfereis\/wp-content\/uploads\/sites\/11\/2022\/11\/with-207770-1536x1024.png 1536w, https:\/\/www.tribunanf.com.br\/blogdoralfereis\/wp-content\/uploads\/sites\/11\/2022\/11\/with-207770-2048x1365.png 2048w\" sizes=\"auto, (max-width: 800px) 100vw, 800px\" \/><\/p>\n<p style=\"text-align: justify;\">O prefeito Wladimir Garotinho decretou luto oficial de tr\u00eas dias pela morte do ex-prefeito Rockfeller de Lima, em edi\u00e7\u00e3o suplementar do Di\u00e1rio Oficial. \u201cA toda sua fam\u00edlia e amigos do ex-prefeito Rockfeller desejo muita for\u00e7a e paz. A prefeitura ir\u00e1 decretar luto oficial, em justa homenagem por seus servi\u00e7os prestados \u00e0 nossa cidade\u201d, declarou o prefeito Wladimir em suas redes sociais.<\/p>\n<p style=\"text-align: justify;\">O Decreto em edi\u00e7\u00e3o suplementar atende atribui\u00e7\u00f5es legais, nos termos do artigo 78, inciso IX, da Lei Org\u00e2nica do Munic\u00edpio de Campos dos Goytacazes, estabelecendo Luto Oficial no Munic\u00edpio de Campos dos Goytacazes, por 03 (tr\u00eas) dias contados desta data, pelo falecimento de Rockefeller Felisberto de Lima.<\/p>\n<p style=\"text-align: justify;\">Rockefeller de Lima ser\u00e1 sepultado \u00e0s 17h desta segunda (21), em Travess\u00e3o, onde nasceu, e seu corpo est\u00e1 sendo velado no Cemit\u00e9rio Campo da Paz. Rockfeller cursou a Faculdade de Direito, em Vit\u00f3ria, no Esp\u00edrito Santo. Foi eleito vereador com 23 anos em 1958, pelo antigo Partido Trabalhista Brasileiro (PTB), tendo presidido a C\u00e2mara Municipal de Campos.<\/p>\n<p style=\"text-align: justify;\">Em 1962, concorreu a vice-prefeito, elegendo-se com o prefeito Jo\u00e3o Barcelos Martins, em elei\u00e7\u00f5es que ocorriam em chapas aut\u00f4nomas. Com a morte do prefeito Jo\u00e3o Barcelos, em abril de 1964, Rockfeller de Lima assume a prefeitura de Campos. Foi eleito deputado federal em 1966, vindo candidatar-se a prefeito e se elegendo em 1970. Em 1974 concorreu e foi eleito para o cargo de deputado estadual, cargo para o qual se reelegeria em 1978 e em 1982.<\/p>\n","protected":false},"excerpt":{"rendered":"<p>O prefeito Wladimir Garotinho decretou luto oficial de tr\u00eas dias pela morte do ex-prefeito Rockfeller de Lima, em edi\u00e7\u00e3o suplementar&#8230;<\/p>\n","protected":false},"author":2,"featured_media":10428,"comment_status":"open","ping_status":"open","sticky":false,"template":"","format":"standard","meta":{"colormag_page_container_layout":"default_layout","colormag_page_sidebar_layout":"default_layout","jetpack_post_was_ever_published":false,"_jetpack_newsletter_access":"","_jetpack_dont_email_post_to_subs":false,"_jetpack_newsletter_tier_id":0,"_jetpack_memberships_contains_paywalled_content":false,"_jetpack_memberships_contains_paid_content":false,"footnotes":""},"categories":[2],"tags":[],"class_list":["post-10427","post","type-post","status-publish","format-standard","has-post-thumbnail","hentry","category-politica"],"jetpack_featured_media_url":"https:\/\/www.tribunanf.com.br\/blogdoralfereis\/wp-content\/uploads\/sites\/11\/2022\/11\/with-207770.png","jetpack_sharing_enabled":true,"_links":{"self":[{"href":"https:\/\/www.tribunanf.com.br\/blogdoralfereis\/wp-json\/wp\/v2\/posts\/10427","targetHints":{"allow":["GET"]}}],"collection":[{"href":"https:\/\/www.tribunanf.com.br\/blogdoralfereis\/wp-json\/wp\/v2\/posts"}],"about":[{"href":"https:\/\/www.tribunanf.com.br\/blogdoralfereis\/wp-json\/wp\/v2\/types\/post"}],"author":[{"embeddable":true,"href":"https:\/\/www.tribunanf.com.br\/blogdoralfereis\/wp-json\/wp\/v2\/users\/2"}],"replies":[{"embeddable":true,"href":"https:\/\/www.tribunanf.com.br\/blogdoralfereis\/wp-json\/wp\/v2\/comments?post=10427"}],"version-history":[{"count":0,"href":"https:\/\/www.tribunanf.com.br\/blogdoralfereis\/wp-json\/wp\/v2\/posts\/10427\/revisions"}],"wp:featuredmedia":[{"embeddable":true,"href":"https:\/\/www.tribunanf.com.br\/blogdoralfereis\/wp-json\/wp\/v2\/media\/10428"}],"wp:attachment":[{"href":"https:\/\/www.tribunanf.com.br\/blogdoralfereis\/wp-json\/wp\/v2\/media?parent=10427"}],"wp:term":[{"taxonomy":"category","embeddable":true,"href":"https:\/\/www.tribunanf.com.br\/blogdoralfereis\/wp-json\/wp\/v2\/categories?post=10427"},{"taxonomy":"post_tag","embeddable":true,"href":"https:\/\/www.tribunanf.com.br\/blogdoralfereis\/wp-json\/wp\/v2\/tags?post=10427"}],"curies":[{"name":"wp","href":"https:\/\/api.w.org\/{rel}","templated":true}]}}