{"id":1040,"date":"2018-10-19T15:02:20","date_gmt":"2018-10-19T18:02:20","guid":{"rendered":"http:\/\/www.tribunanf.com.br\/blogdoralfereis\/?p=1040"},"modified":"2018-10-19T15:02:20","modified_gmt":"2018-10-19T18:02:20","slug":"flavio-bolsonaro-foi-banido-do-whatsapp-por-comportamento-de-spam-conta-ja-foi-desbloqueada-diz-senador-eleito","status":"publish","type":"post","link":"https:\/\/www.tribunanf.com.br\/blogdoralfereis\/2018\/10\/19\/flavio-bolsonaro-foi-banido-do-whatsapp-por-comportamento-de-spam-conta-ja-foi-desbloqueada-diz-senador-eleito\/","title":{"rendered":"Fl\u00e1vio Bolsonaro foi banido do WhatsApp por &#8216;comportamento de spam&#8217;; conta j\u00e1 foi desbloqueada, diz senador eleito"},"content":{"rendered":"<div class=\"mc-column content-text active-extra-styles active-capital-letter\" data-block-type=\"unstyled\" data-block-weight=\"48\" data-block-id=\"2\">\n<p data-track-category=\"Link no Texto\" data-track-links=\"\"><img loading=\"lazy\" decoding=\"async\" class=\"aligncenter size-full wp-image-1041\" src=\"http:\/\/www.tribunanf.com.br\/blogdoralfereis\/wp-content\/uploads\/sites\/11\/2018\/10\/bolsonaro.jpg\" alt=\"\" width=\"750\" height=\"469\" srcset=\"https:\/\/www.tribunanf.com.br\/blogdoralfereis\/wp-content\/uploads\/sites\/11\/2018\/10\/bolsonaro.jpg 750w, https:\/\/www.tribunanf.com.br\/blogdoralfereis\/wp-content\/uploads\/sites\/11\/2018\/10\/bolsonaro-300x188.jpg 300w\" sizes=\"auto, (max-width: 750px) 100vw, 750px\" \/><\/p>\n<p class=\"content-text__container theme-color-primary-first-letter\" style=\"text-align: justify;\" data-track-category=\"Link no Texto\" data-track-links=\"\">O deputado estadual Fl\u00e1vio Bolsonaro (PSL), senador mais votado nas elei\u00e7\u00f5es deste ano, postou em suas redes sociais, na manh\u00e3 desta sexta-feira (19), que teve o seu n\u00famero de telefone banido &#8220;do nada&#8221; pelo WhatsApp. A empresa confirmou que a conta foi banida e alegou \u201ccomportamento de spam\u201d.<\/p>\n<\/div>\n<div class=\"mc-column content-text active-extra-styles \" style=\"text-align: justify;\" data-block-type=\"unstyled\" data-block-weight=\"26\" data-block-id=\"3\">\n<p class=\"content-text__container \" data-track-category=\"Link no Texto\" data-track-links=\"\">&#8220;A persegui\u00e7\u00e3o n\u00e3o tem limites! Meu WhatsApp, com milhares de grupos, foi banido DO NADA, sem nenhuma explica\u00e7\u00e3o! Exijo uma resposta oficial da plataforma&#8221;, escreveu Fl\u00e1vio.<\/p>\n<\/div>\n<div class=\"mc-column content-text active-extra-styles \" style=\"text-align: justify;\" data-block-type=\"unstyled\" data-block-weight=\"43\" data-block-id=\"4\">\n<p class=\"content-text__container \" data-track-category=\"Link no Texto\" data-track-links=\"\">A assessoria de imprensa da empresa informou que o banimento &#8220;n\u00e3o est\u00e1 relacionado \u00e0s den\u00fancias de ontem (sobre a reportagem da Folha de S.Paulo). Outra conta &#8216;p\u00fablica&#8217; que foi banida por spam durante o per\u00edodo eleitoral foi o &#8216;Dilmazap, da campanha da ex-presidenta&#8221;.<\/p>\n<\/div>\n<div class=\"mc-column content-text active-extra-styles \" style=\"text-align: justify;\" data-block-type=\"unstyled\" data-block-weight=\"45\" data-block-id=\"5\">\n<p class=\"content-text__container \" data-track-category=\"Link no Texto\" data-track-links=\"\">Pouco depois, o senador eleito pelo Rio voltou a postar, dizendo que \u201co telefone, cujo WhatsApp foi bloqueado, \u00e9 pessoal e nada tem a ver com uso por empresas\u201d. E que j\u00e1 havia sido desbloqueado, \u201cmas ainda sem explica\u00e7\u00e3o clara sobre o porqu\u00ea da censura\u201d.<\/p>\n<\/div>\n<div data-track-category=\"fim do conteudo\" data-track-action=\"ultimo chunk conteudo\" data-track-noninteraction=\"false\" data-track-scroll=\"entrada completa viewport\">\n<div class=\"mc-column content-text active-extra-styles \" data-block-type=\"unstyled\" data-block-weight=\"35\" data-block-id=\"6\">\n<p class=\"content-text__container \" style=\"text-align: justify;\" data-track-category=\"Link no Texto\" data-track-links=\"\">A reportagem do jornal &#8220;Folha de S.Paulo&#8221; desta quinta relata casos de empresas apoiadoras de Bolsonaro que supostamente compraram pacotes de disparo de mensagens contra o PT por meio do WhatsApp. O candidato nega irregularidades.<\/p>\n<p style=\"text-align: justify;\" data-track-category=\"Link no Texto\" data-track-links=\"\">Fonte: G1<\/p>\n<\/div>\n<\/div>\n","protected":false},"excerpt":{"rendered":"<p>O deputado estadual Fl\u00e1vio Bolsonaro (PSL), senador mais votado nas elei\u00e7\u00f5es deste ano, postou em suas redes sociais, na manh\u00e3&#8230;<\/p>\n","protected":false},"author":2,"featured_media":1041,"comment_status":"open","ping_status":"open","sticky":false,"template":"","format":"standard","meta":{"colormag_page_container_layout":"default_layout","colormag_page_sidebar_layout":"default_layout","jetpack_post_was_ever_published":false,"_jetpack_newsletter_access":"","_jetpack_dont_email_post_to_subs":false,"_jetpack_newsletter_tier_id":0,"_jetpack_memberships_contains_paywalled_content":false,"_jetpack_memberships_contains_paid_content":false,"footnotes":""},"categories":[2],"tags":[],"class_list":["post-1040","post","type-post","status-publish","format-standard","has-post-thumbnail","hentry","category-politica"],"jetpack_featured_media_url":"https:\/\/www.tribunanf.com.br\/blogdoralfereis\/wp-content\/uploads\/sites\/11\/2018\/10\/bolsonaro.jpg","jetpack_sharing_enabled":true,"_links":{"self":[{"href":"https:\/\/www.tribunanf.com.br\/blogdoralfereis\/wp-json\/wp\/v2\/posts\/1040","targetHints":{"allow":["GET"]}}],"collection":[{"href":"https:\/\/www.tribunanf.com.br\/blogdoralfereis\/wp-json\/wp\/v2\/posts"}],"about":[{"href":"https:\/\/www.tribunanf.com.br\/blogdoralfereis\/wp-json\/wp\/v2\/types\/post"}],"author":[{"embeddable":true,"href":"https:\/\/www.tribunanf.com.br\/blogdoralfereis\/wp-json\/wp\/v2\/users\/2"}],"replies":[{"embeddable":true,"href":"https:\/\/www.tribunanf.com.br\/blogdoralfereis\/wp-json\/wp\/v2\/comments?post=1040"}],"version-history":[{"count":0,"href":"https:\/\/www.tribunanf.com.br\/blogdoralfereis\/wp-json\/wp\/v2\/posts\/1040\/revisions"}],"wp:featuredmedia":[{"embeddable":true,"href":"https:\/\/www.tribunanf.com.br\/blogdoralfereis\/wp-json\/wp\/v2\/media\/1041"}],"wp:attachment":[{"href":"https:\/\/www.tribunanf.com.br\/blogdoralfereis\/wp-json\/wp\/v2\/media?parent=1040"}],"wp:term":[{"taxonomy":"category","embeddable":true,"href":"https:\/\/www.tribunanf.com.br\/blogdoralfereis\/wp-json\/wp\/v2\/categories?post=1040"},{"taxonomy":"post_tag","embeddable":true,"href":"https:\/\/www.tribunanf.com.br\/blogdoralfereis\/wp-json\/wp\/v2\/tags?post=1040"}],"curies":[{"name":"wp","href":"https:\/\/api.w.org\/{rel}","templated":true}]}}