{"id":10375,"date":"2022-11-08T18:41:58","date_gmt":"2022-11-08T21:41:58","guid":{"rendered":"https:\/\/www.tribunanf.com.br\/blogdoralfereis\/?p=10375"},"modified":"2022-11-08T18:42:53","modified_gmt":"2022-11-08T21:42:53","slug":"fred-machado-apresenta-requerimento-solicitando-convocacao-da-eleicao-da-mesa-diretora","status":"publish","type":"post","link":"https:\/\/www.tribunanf.com.br\/blogdoralfereis\/2022\/11\/08\/fred-machado-apresenta-requerimento-solicitando-convocacao-da-eleicao-da-mesa-diretora\/","title":{"rendered":"Fred Machado apresenta requerimento solicitando convoca\u00e7\u00e3o da elei\u00e7\u00e3o da Mesa Diretora"},"content":{"rendered":"<p><img loading=\"lazy\" decoding=\"async\" class=\"aligncenter size-full wp-image-10376\" src=\"https:\/\/www.tribunanf.com.br\/blogdoralfereis\/wp-content\/uploads\/sites\/11\/2022\/11\/fred-machado.jpeg\" alt=\"\" width=\"637\" height=\"514\" srcset=\"https:\/\/www.tribunanf.com.br\/blogdoralfereis\/wp-content\/uploads\/sites\/11\/2022\/11\/fred-machado.jpeg 637w, https:\/\/www.tribunanf.com.br\/blogdoralfereis\/wp-content\/uploads\/sites\/11\/2022\/11\/fred-machado-300x242.jpeg 300w\" sizes=\"auto, (max-width: 637px) 100vw, 637px\" \/><\/p>\n<p style=\"text-align: justify;\">O vereador Fred Machado, da bancada de oposi\u00e7\u00e3o na C\u00e2mara de Campos, apresentou um requerimento na sess\u00e3o desta ter\u00e7a-feira (8) solicitando a convoca\u00e7\u00e3o da elei\u00e7\u00e3o da Mesa Diretora.<\/p>\n<p style=\"text-align: justify;\">De acordo com Machado, o requerimento j\u00e1 tem assinatura de 13 vereadores. O n\u00famero \u00e9 suficiente para eleger o pr\u00f3ximo presidente, demonstrando que a oposi\u00e7\u00e3o segue unida.<\/p>\n<p style=\"text-align: justify;\">O atual presidente da Casa, F\u00e1bio Ribeiro, tem que convocar a elei\u00e7\u00e3o at\u00e9 meados de dezembro.<\/p>\n<div class=\"jetpack-video-wrapper\"><iframe loading=\"lazy\" title=\"SESS\u00c3O ORDIN\u00c1RIA 08\/11\/22\" width=\"800\" height=\"450\" src=\"https:\/\/www.youtube.com\/embed\/b6i_e5ChNjo?start=4255&#038;feature=oembed\" frameborder=\"0\" allow=\"accelerometer; autoplay; clipboard-write; encrypted-media; gyroscope; picture-in-picture; web-share\" referrerpolicy=\"strict-origin-when-cross-origin\" allowfullscreen><\/iframe><\/div>\n","protected":false},"excerpt":{"rendered":"<p>O vereador Fred Machado, da bancada de oposi\u00e7\u00e3o na C\u00e2mara de Campos, apresentou um requerimento na sess\u00e3o desta ter\u00e7a-feira (8)&#8230;<\/p>\n","protected":false},"author":2,"featured_media":10376,"comment_status":"open","ping_status":"open","sticky":false,"template":"","format":"standard","meta":{"colormag_page_container_layout":"default_layout","colormag_page_sidebar_layout":"default_layout","jetpack_post_was_ever_published":false,"_jetpack_newsletter_access":"","_jetpack_dont_email_post_to_subs":false,"_jetpack_newsletter_tier_id":0,"_jetpack_memberships_contains_paywalled_content":false,"_jetpack_memberships_contains_paid_content":false,"footnotes":""},"categories":[2],"tags":[],"class_list":["post-10375","post","type-post","status-publish","format-standard","has-post-thumbnail","hentry","category-politica"],"jetpack_featured_media_url":"https:\/\/www.tribunanf.com.br\/blogdoralfereis\/wp-content\/uploads\/sites\/11\/2022\/11\/fred-machado.jpeg","jetpack_sharing_enabled":true,"_links":{"self":[{"href":"https:\/\/www.tribunanf.com.br\/blogdoralfereis\/wp-json\/wp\/v2\/posts\/10375","targetHints":{"allow":["GET"]}}],"collection":[{"href":"https:\/\/www.tribunanf.com.br\/blogdoralfereis\/wp-json\/wp\/v2\/posts"}],"about":[{"href":"https:\/\/www.tribunanf.com.br\/blogdoralfereis\/wp-json\/wp\/v2\/types\/post"}],"author":[{"embeddable":true,"href":"https:\/\/www.tribunanf.com.br\/blogdoralfereis\/wp-json\/wp\/v2\/users\/2"}],"replies":[{"embeddable":true,"href":"https:\/\/www.tribunanf.com.br\/blogdoralfereis\/wp-json\/wp\/v2\/comments?post=10375"}],"version-history":[{"count":0,"href":"https:\/\/www.tribunanf.com.br\/blogdoralfereis\/wp-json\/wp\/v2\/posts\/10375\/revisions"}],"wp:featuredmedia":[{"embeddable":true,"href":"https:\/\/www.tribunanf.com.br\/blogdoralfereis\/wp-json\/wp\/v2\/media\/10376"}],"wp:attachment":[{"href":"https:\/\/www.tribunanf.com.br\/blogdoralfereis\/wp-json\/wp\/v2\/media?parent=10375"}],"wp:term":[{"taxonomy":"category","embeddable":true,"href":"https:\/\/www.tribunanf.com.br\/blogdoralfereis\/wp-json\/wp\/v2\/categories?post=10375"},{"taxonomy":"post_tag","embeddable":true,"href":"https:\/\/www.tribunanf.com.br\/blogdoralfereis\/wp-json\/wp\/v2\/tags?post=10375"}],"curies":[{"name":"wp","href":"https:\/\/api.w.org\/{rel}","templated":true}]}}