{"id":10350,"date":"2022-11-03T18:10:45","date_gmt":"2022-11-03T21:10:45","guid":{"rendered":"https:\/\/www.tribunanf.com.br\/blogdoralfereis\/?p=10350"},"modified":"2022-11-03T18:10:45","modified_gmt":"2022-11-03T21:10:45","slug":"alerj-aprova-pec-que-complementa-normas-de-aposentadoria-para-agentes-de-seguranca","status":"publish","type":"post","link":"https:\/\/www.tribunanf.com.br\/blogdoralfereis\/2022\/11\/03\/alerj-aprova-pec-que-complementa-normas-de-aposentadoria-para-agentes-de-seguranca\/","title":{"rendered":"Alerj aprova PEC que complementa normas de aposentadoria para agentes de seguran\u00e7a"},"content":{"rendered":"<p><img loading=\"lazy\" decoding=\"async\" class=\"aligncenter size-large wp-image-10351\" src=\"https:\/\/www.tribunanf.com.br\/blogdoralfereis\/wp-content\/uploads\/sites\/11\/2022\/11\/alerj-1024x682.jpg\" alt=\"\" width=\"800\" height=\"533\" \/><\/p>\n<p style=\"text-align: justify;\">A Assembleia Legislativa do Estado do Rio de Janeiro (Alerj) aprovou, em segunda discuss\u00e3o, nesta quinta-feira (03\/11), a Proposta de Emenda Constitucional 73\/22, que altera as normas de ped\u00e1gio para aposentadoria dos servidores estaduais da Seguran\u00e7a, estabelecidas na Reforma da Previd\u00eancia em 2021, como contrapartida para renova\u00e7\u00e3o do Regime de Recupera\u00e7\u00e3o Fiscal. A norma foi aprovada por 51 votos favor\u00e1veis e ser\u00e1 promulgada pelo presidente da Alerj, deputado Andr\u00e9 Ceciliano (PT).<\/p>\n<p style=\"text-align: justify;\">O texto, dos deputados Fl\u00e1vio Serafini (PSol) e Tia Ju (REP), desconsidera a regra de idade m\u00ednima para agentes de seguran\u00e7a socioeducativa, policiais civis e penais que tenham completado 90% do tempo necess\u00e1rio para aposentadoria previsto na Lei Complementar 51\/85, a partir de 2022. Para isso, no entanto, eles v\u00e3o precisar ter cumprido um ped\u00e1gio de 100% do per\u00edodo restante previsto para a aposentadoria.<\/p>\n<p style=\"text-align: justify;\">Na justificativa do projeto, os autores explicam que a reforma aprovada estabeleceu \u201cduras regras de transi\u00e7\u00e3o, que afetaram de maneira desproporcional alguns servidores da \u00e1rea de seguran\u00e7a p\u00fablica e socioeducativa&#8221;. Antes da reforma aprovada em 2021, os servidores tinham como crit\u00e9rio para aposentadoria somente o tempo de contribui\u00e7\u00e3o. A partir da nova lei, foi acrescido o crit\u00e9rio da idade m\u00ednima, de 52 anos para mulheres e 53 anos para homens.<\/p>\n<p style=\"text-align: justify;\">&#8220;Algumas categorias da seguran\u00e7a p\u00fablica n\u00e3o tinham a idade m\u00ednima, eles tinham um tempo de contribui\u00e7\u00e3o m\u00ednima porque s\u00e3o categorias que t\u00eam um cotidiano muito duro. Quando se estabeleceu a idade m\u00ednima, deveria se pensar em uma transi\u00e7\u00e3o para os trabalhadores que j\u00e1 estavam na ativa. Isso criou uma injusti\u00e7a em que trabalhadores que estavam a um ano de se aposentar teriam que trabalhar at\u00e9 10 anos a mais. Ainda \u00e9 uma regra de transi\u00e7\u00e3o dura de 100% de ped\u00e1gio\u201d, comentou o deputado Fl\u00e1vio Serafini.<\/p>\n<p style=\"text-align: justify;\">Ascom*<\/p>\n","protected":false},"excerpt":{"rendered":"<p>A Assembleia Legislativa do Estado do Rio de Janeiro (Alerj) aprovou, em segunda discuss\u00e3o, nesta quinta-feira (03\/11), a Proposta de&#8230;<\/p>\n","protected":false},"author":2,"featured_media":10351,"comment_status":"open","ping_status":"open","sticky":false,"template":"","format":"standard","meta":{"colormag_page_container_layout":"default_layout","colormag_page_sidebar_layout":"default_layout","jetpack_post_was_ever_published":false,"_jetpack_newsletter_access":"","_jetpack_dont_email_post_to_subs":false,"_jetpack_newsletter_tier_id":0,"_jetpack_memberships_contains_paywalled_content":false,"_jetpack_memberships_contains_paid_content":false,"footnotes":""},"categories":[2],"tags":[],"class_list":["post-10350","post","type-post","status-publish","format-standard","has-post-thumbnail","hentry","category-politica"],"jetpack_featured_media_url":"https:\/\/www.tribunanf.com.br\/blogdoralfereis\/wp-content\/uploads\/sites\/11\/2022\/11\/alerj-e1667509818344.jpg","jetpack_sharing_enabled":true,"_links":{"self":[{"href":"https:\/\/www.tribunanf.com.br\/blogdoralfereis\/wp-json\/wp\/v2\/posts\/10350","targetHints":{"allow":["GET"]}}],"collection":[{"href":"https:\/\/www.tribunanf.com.br\/blogdoralfereis\/wp-json\/wp\/v2\/posts"}],"about":[{"href":"https:\/\/www.tribunanf.com.br\/blogdoralfereis\/wp-json\/wp\/v2\/types\/post"}],"author":[{"embeddable":true,"href":"https:\/\/www.tribunanf.com.br\/blogdoralfereis\/wp-json\/wp\/v2\/users\/2"}],"replies":[{"embeddable":true,"href":"https:\/\/www.tribunanf.com.br\/blogdoralfereis\/wp-json\/wp\/v2\/comments?post=10350"}],"version-history":[{"count":0,"href":"https:\/\/www.tribunanf.com.br\/blogdoralfereis\/wp-json\/wp\/v2\/posts\/10350\/revisions"}],"wp:featuredmedia":[{"embeddable":true,"href":"https:\/\/www.tribunanf.com.br\/blogdoralfereis\/wp-json\/wp\/v2\/media\/10351"}],"wp:attachment":[{"href":"https:\/\/www.tribunanf.com.br\/blogdoralfereis\/wp-json\/wp\/v2\/media?parent=10350"}],"wp:term":[{"taxonomy":"category","embeddable":true,"href":"https:\/\/www.tribunanf.com.br\/blogdoralfereis\/wp-json\/wp\/v2\/categories?post=10350"},{"taxonomy":"post_tag","embeddable":true,"href":"https:\/\/www.tribunanf.com.br\/blogdoralfereis\/wp-json\/wp\/v2\/tags?post=10350"}],"curies":[{"name":"wp","href":"https:\/\/api.w.org\/{rel}","templated":true}]}}