{"id":1035,"date":"2018-10-18T21:41:48","date_gmt":"2018-10-19T00:41:48","guid":{"rendered":"http:\/\/www.tribunanf.com.br\/blogdoralfereis\/?p=1035"},"modified":"2018-10-18T21:41:48","modified_gmt":"2018-10-19T00:41:48","slug":"tre-concede-direito-de-resposta-a-wilson-witzel-e-manda-paes-remover-propaganda-com-fake-news","status":"publish","type":"post","link":"https:\/\/www.tribunanf.com.br\/blogdoralfereis\/2018\/10\/18\/tre-concede-direito-de-resposta-a-wilson-witzel-e-manda-paes-remover-propaganda-com-fake-news\/","title":{"rendered":"TRE concede direito de resposta a Wilson Witzel e manda Paes remover propaganda com fake news"},"content":{"rendered":"<p><img loading=\"lazy\" decoding=\"async\" class=\"aligncenter size-full wp-image-1015\" src=\"http:\/\/www.tribunanf.com.br\/blogdoralfereis\/wp-content\/uploads\/sites\/11\/2018\/10\/paes-e-witzel.jpg\" alt=\"\" width=\"640\" height=\"312\" srcset=\"https:\/\/www.tribunanf.com.br\/blogdoralfereis\/wp-content\/uploads\/sites\/11\/2018\/10\/paes-e-witzel.jpg 640w, https:\/\/www.tribunanf.com.br\/blogdoralfereis\/wp-content\/uploads\/sites\/11\/2018\/10\/paes-e-witzel-300x146.jpg 300w\" sizes=\"auto, (max-width: 640px) 100vw, 640px\" \/><\/p>\n<p style=\"text-align: justify;\">A desembargadora Fernanda Xavier de Brito, do Tribunal Regional Eleitoral, concedeu direito de resposta ao candidato a governador Wilson Witzel e determinou que o candidato Eduardo Paes retire do ar a propaganda de TV com fake news.<\/p>\n<p style=\"text-align: justify;\">Eduardo Paes divulgou em sua propaganda um v\u00eddeo onde o ent\u00e3o juiz federal Wilson Witzel faz uma palestra para os colegas e cita aposentados da Magistratura Federal. Eduardo Paes fez uma montagem no v\u00eddeo de Wilson Witzel e mudou o contexto para insinuar que o ex-juiz federal estaria falando de todos os aposentados estado.<\/p>\n<p style=\"text-align: justify;\">Na decis\u00e3o, a desembargadora destaca que <em>&#8220;Depreende-se do trecho divulgado que o representante estava se dirigindo a uma plateia selecionada, na medida em que vincula a quest\u00e3o da aposentadoria ao momento em que se tornou dirigente associativo na Magistratura Federal, revelando que o tema abordado se referia \u00e0 aposentadoria da classe a que pertencia.<\/em><\/p>\n<p style=\"text-align: justify;\"><em>Nesse passo, verifico que o representante n\u00e3o estava tecendo coment\u00e1rios acerca do aposentado em geral como quer o representado induzir o eleitor a crer.&#8221;<\/em>.<\/p>\n<p style=\"text-align: justify;\">A propaganda irregular dever\u00e1 ser retirada em 24h, sob pena de multa di\u00e1rio de R$ 5 mil e multa de R$ 50 mil para cada exibi\u00e7\u00e3o indevida.<\/p>\n<p style=\"text-align: justify;\">Confira a decis\u00e3o:<\/p>\n<p><img loading=\"lazy\" decoding=\"async\" class=\"aligncenter size-full wp-image-1036\" src=\"http:\/\/www.tribunanf.com.br\/blogdoralfereis\/wp-content\/uploads\/sites\/11\/2018\/10\/0001-74.jpg\" alt=\"\" width=\"2480\" height=\"3509\" srcset=\"https:\/\/www.tribunanf.com.br\/blogdoralfereis\/wp-content\/uploads\/sites\/11\/2018\/10\/0001-74.jpg 2480w, https:\/\/www.tribunanf.com.br\/blogdoralfereis\/wp-content\/uploads\/sites\/11\/2018\/10\/0001-74-212x300.jpg 212w, https:\/\/www.tribunanf.com.br\/blogdoralfereis\/wp-content\/uploads\/sites\/11\/2018\/10\/0001-74-768x1087.jpg 768w, https:\/\/www.tribunanf.com.br\/blogdoralfereis\/wp-content\/uploads\/sites\/11\/2018\/10\/0001-74-724x1024.jpg 724w\" sizes=\"auto, (max-width: 2480px) 100vw, 2480px\" \/> <img loading=\"lazy\" decoding=\"async\" class=\"aligncenter size-full wp-image-1037\" src=\"http:\/\/www.tribunanf.com.br\/blogdoralfereis\/wp-content\/uploads\/sites\/11\/2018\/10\/0002-64.jpg\" alt=\"\" width=\"2480\" height=\"3509\" srcset=\"https:\/\/www.tribunanf.com.br\/blogdoralfereis\/wp-content\/uploads\/sites\/11\/2018\/10\/0002-64.jpg 2480w, https:\/\/www.tribunanf.com.br\/blogdoralfereis\/wp-content\/uploads\/sites\/11\/2018\/10\/0002-64-212x300.jpg 212w, https:\/\/www.tribunanf.com.br\/blogdoralfereis\/wp-content\/uploads\/sites\/11\/2018\/10\/0002-64-768x1087.jpg 768w, https:\/\/www.tribunanf.com.br\/blogdoralfereis\/wp-content\/uploads\/sites\/11\/2018\/10\/0002-64-724x1024.jpg 724w\" sizes=\"auto, (max-width: 2480px) 100vw, 2480px\" \/> <img loading=\"lazy\" decoding=\"async\" class=\"aligncenter size-full wp-image-1038\" src=\"http:\/\/www.tribunanf.com.br\/blogdoralfereis\/wp-content\/uploads\/sites\/11\/2018\/10\/0003-39.jpg\" alt=\"\" width=\"2480\" height=\"3509\" srcset=\"https:\/\/www.tribunanf.com.br\/blogdoralfereis\/wp-content\/uploads\/sites\/11\/2018\/10\/0003-39.jpg 2480w, https:\/\/www.tribunanf.com.br\/blogdoralfereis\/wp-content\/uploads\/sites\/11\/2018\/10\/0003-39-212x300.jpg 212w, https:\/\/www.tribunanf.com.br\/blogdoralfereis\/wp-content\/uploads\/sites\/11\/2018\/10\/0003-39-768x1087.jpg 768w, https:\/\/www.tribunanf.com.br\/blogdoralfereis\/wp-content\/uploads\/sites\/11\/2018\/10\/0003-39-724x1024.jpg 724w\" sizes=\"auto, (max-width: 2480px) 100vw, 2480px\" \/><\/p>\n","protected":false},"excerpt":{"rendered":"<p>A desembargadora Fernanda Xavier de Brito, do Tribunal Regional Eleitoral, concedeu direito de resposta ao candidato a governador Wilson Witzel&#8230;<\/p>\n","protected":false},"author":2,"featured_media":1015,"comment_status":"open","ping_status":"open","sticky":false,"template":"","format":"standard","meta":{"colormag_page_container_layout":"default_layout","colormag_page_sidebar_layout":"default_layout","jetpack_post_was_ever_published":false,"_jetpack_newsletter_access":"","_jetpack_dont_email_post_to_subs":false,"_jetpack_newsletter_tier_id":0,"_jetpack_memberships_contains_paywalled_content":false,"_jetpack_memberships_contains_paid_content":false,"footnotes":""},"categories":[2],"tags":[],"class_list":["post-1035","post","type-post","status-publish","format-standard","has-post-thumbnail","hentry","category-politica"],"jetpack_featured_media_url":"https:\/\/www.tribunanf.com.br\/blogdoralfereis\/wp-content\/uploads\/sites\/11\/2018\/10\/paes-e-witzel.jpg","jetpack_sharing_enabled":true,"_links":{"self":[{"href":"https:\/\/www.tribunanf.com.br\/blogdoralfereis\/wp-json\/wp\/v2\/posts\/1035","targetHints":{"allow":["GET"]}}],"collection":[{"href":"https:\/\/www.tribunanf.com.br\/blogdoralfereis\/wp-json\/wp\/v2\/posts"}],"about":[{"href":"https:\/\/www.tribunanf.com.br\/blogdoralfereis\/wp-json\/wp\/v2\/types\/post"}],"author":[{"embeddable":true,"href":"https:\/\/www.tribunanf.com.br\/blogdoralfereis\/wp-json\/wp\/v2\/users\/2"}],"replies":[{"embeddable":true,"href":"https:\/\/www.tribunanf.com.br\/blogdoralfereis\/wp-json\/wp\/v2\/comments?post=1035"}],"version-history":[{"count":0,"href":"https:\/\/www.tribunanf.com.br\/blogdoralfereis\/wp-json\/wp\/v2\/posts\/1035\/revisions"}],"wp:featuredmedia":[{"embeddable":true,"href":"https:\/\/www.tribunanf.com.br\/blogdoralfereis\/wp-json\/wp\/v2\/media\/1015"}],"wp:attachment":[{"href":"https:\/\/www.tribunanf.com.br\/blogdoralfereis\/wp-json\/wp\/v2\/media?parent=1035"}],"wp:term":[{"taxonomy":"category","embeddable":true,"href":"https:\/\/www.tribunanf.com.br\/blogdoralfereis\/wp-json\/wp\/v2\/categories?post=1035"},{"taxonomy":"post_tag","embeddable":true,"href":"https:\/\/www.tribunanf.com.br\/blogdoralfereis\/wp-json\/wp\/v2\/tags?post=1035"}],"curies":[{"name":"wp","href":"https:\/\/api.w.org\/{rel}","templated":true}]}}