{"id":10343,"date":"2022-11-02T10:44:23","date_gmt":"2022-11-02T13:44:23","guid":{"rendered":"https:\/\/www.tribunanf.com.br\/blogdoralfereis\/?p=10343"},"modified":"2022-11-02T12:58:57","modified_gmt":"2022-11-02T15:58:57","slug":"bancada-de-oposicao-aprova-reajuste-no-cartao-goitaca","status":"publish","type":"post","link":"https:\/\/www.tribunanf.com.br\/blogdoralfereis\/2022\/11\/02\/bancada-de-oposicao-aprova-reajuste-no-cartao-goitaca\/","title":{"rendered":"Bancada de oposi\u00e7\u00e3o aprova indica\u00e7\u00e3o de reajuste no Cart\u00e3o Goitac\u00e1"},"content":{"rendered":"<p><img loading=\"lazy\" decoding=\"async\" class=\"aligncenter size-large wp-image-8755\" src=\"https:\/\/www.tribunanf.com.br\/blogdoralfereis\/wp-content\/uploads\/sites\/11\/2022\/02\/Camara-foto-noite_Easy-Resize.com_-1024x768.jpg\" alt=\"\" width=\"800\" height=\"600\" \/><\/p>\n<p style=\"text-align: justify;\">A bancada de oposi\u00e7\u00e3o na C\u00e2mara de Campos aprovou nessa nesta ter\u00e7a-feira (01) o reajuste do Cart\u00e3o Goitac\u00e1. O projeto apresentado pela bancada oposicionista propondo aumento em 50% do Cart\u00e3o Goitac\u00e1 foi aprovado por maioria, incluindo o voto do vereador Thiago Rangel, que comp\u00f5e a base do governo mas ficou ao lado da oposi\u00e7\u00e3o. A proposta \u00e9 de que o valor passe de R$ 200, para R$ 300 reais.<\/p>\n<p>O projeto \u00e9 uma indica\u00e7\u00e3o simples e n\u00e3o passa pelo executivo. \u00c9 apenas sugestivo.<\/p>\n","protected":false},"excerpt":{"rendered":"<p>A bancada de oposi\u00e7\u00e3o na C\u00e2mara de Campos aprovou nessa nesta ter\u00e7a-feira (01) o reajuste do Cart\u00e3o Goitac\u00e1. O projeto&#8230;<\/p>\n","protected":false},"author":2,"featured_media":8755,"comment_status":"open","ping_status":"open","sticky":false,"template":"","format":"standard","meta":{"colormag_page_container_layout":"default_layout","colormag_page_sidebar_layout":"default_layout","jetpack_post_was_ever_published":false,"_jetpack_newsletter_access":"","_jetpack_dont_email_post_to_subs":false,"_jetpack_newsletter_tier_id":0,"_jetpack_memberships_contains_paywalled_content":false,"_jetpack_memberships_contains_paid_content":false,"footnotes":""},"categories":[2],"tags":[],"class_list":["post-10343","post","type-post","status-publish","format-standard","has-post-thumbnail","hentry","category-politica"],"jetpack_featured_media_url":"https:\/\/www.tribunanf.com.br\/blogdoralfereis\/wp-content\/uploads\/sites\/11\/2022\/02\/Camara-foto-noite_Easy-Resize.com_-e1645791208327.jpg","jetpack_sharing_enabled":true,"_links":{"self":[{"href":"https:\/\/www.tribunanf.com.br\/blogdoralfereis\/wp-json\/wp\/v2\/posts\/10343","targetHints":{"allow":["GET"]}}],"collection":[{"href":"https:\/\/www.tribunanf.com.br\/blogdoralfereis\/wp-json\/wp\/v2\/posts"}],"about":[{"href":"https:\/\/www.tribunanf.com.br\/blogdoralfereis\/wp-json\/wp\/v2\/types\/post"}],"author":[{"embeddable":true,"href":"https:\/\/www.tribunanf.com.br\/blogdoralfereis\/wp-json\/wp\/v2\/users\/2"}],"replies":[{"embeddable":true,"href":"https:\/\/www.tribunanf.com.br\/blogdoralfereis\/wp-json\/wp\/v2\/comments?post=10343"}],"version-history":[{"count":0,"href":"https:\/\/www.tribunanf.com.br\/blogdoralfereis\/wp-json\/wp\/v2\/posts\/10343\/revisions"}],"wp:featuredmedia":[{"embeddable":true,"href":"https:\/\/www.tribunanf.com.br\/blogdoralfereis\/wp-json\/wp\/v2\/media\/8755"}],"wp:attachment":[{"href":"https:\/\/www.tribunanf.com.br\/blogdoralfereis\/wp-json\/wp\/v2\/media?parent=10343"}],"wp:term":[{"taxonomy":"category","embeddable":true,"href":"https:\/\/www.tribunanf.com.br\/blogdoralfereis\/wp-json\/wp\/v2\/categories?post=10343"},{"taxonomy":"post_tag","embeddable":true,"href":"https:\/\/www.tribunanf.com.br\/blogdoralfereis\/wp-json\/wp\/v2\/tags?post=10343"}],"curies":[{"name":"wp","href":"https:\/\/api.w.org\/{rel}","templated":true}]}}