{"id":10326,"date":"2022-10-31T13:04:16","date_gmt":"2022-10-31T16:04:16","guid":{"rendered":"https:\/\/www.tribunanf.com.br\/blogdoralfereis\/?p=10326"},"modified":"2022-10-31T13:04:16","modified_gmt":"2022-10-31T16:04:16","slug":"tarcisio-vamos-conversar-com-o-governo-federal-de-forma-republicana","status":"publish","type":"post","link":"https:\/\/www.tribunanf.com.br\/blogdoralfereis\/2022\/10\/31\/tarcisio-vamos-conversar-com-o-governo-federal-de-forma-republicana\/","title":{"rendered":"Tarc\u00edsio: \u201cVamos conversar com o governo federal de forma republicana\u201d"},"content":{"rendered":"<p><img loading=\"lazy\" decoding=\"async\" class=\"aligncenter size-large wp-image-10327\" src=\"https:\/\/www.tribunanf.com.br\/blogdoralfereis\/wp-content\/uploads\/sites\/11\/2022\/10\/tarcisio-de-freitas-1-600x400_Easy-Resize.com_-1024x682.jpg\" alt=\"\" width=\"800\" height=\"533\" srcset=\"https:\/\/www.tribunanf.com.br\/blogdoralfereis\/wp-content\/uploads\/sites\/11\/2022\/10\/tarcisio-de-freitas-1-600x400_Easy-Resize.com_-1024x682.jpg 1024w, https:\/\/www.tribunanf.com.br\/blogdoralfereis\/wp-content\/uploads\/sites\/11\/2022\/10\/tarcisio-de-freitas-1-600x400_Easy-Resize.com_-300x200.jpg 300w, https:\/\/www.tribunanf.com.br\/blogdoralfereis\/wp-content\/uploads\/sites\/11\/2022\/10\/tarcisio-de-freitas-1-600x400_Easy-Resize.com_-768x512.jpg 768w, https:\/\/www.tribunanf.com.br\/blogdoralfereis\/wp-content\/uploads\/sites\/11\/2022\/10\/tarcisio-de-freitas-1-600x400_Easy-Resize.com_.jpg 1280w\" sizes=\"auto, (max-width: 800px) 100vw, 800px\" \/><\/p>\n<p style=\"text-align: justify;\">O governador eleito de S\u00e3o Paulo, Tarc\u00edsio de Freitas (Republicanos), disse, nesta segunda-feira (31\/10), que vai conversar \u201cde forma republicana\u201d com o governo do presidente eleito Luiz In\u00e1cio Lula da Silva (PT). A fala foi dada durante entrevista concedida ao colunista Igor Gadelha, do Metr\u00f3poles.<\/p>\n<p style=\"text-align: justify;\">Aliado do presidente Jair Bolsonaro (PL), que saiu derrotado nas urnas, Tarc\u00edsio \u00e9 a principal vit\u00f3ria bolsonarista nas elei\u00e7\u00f5es de 2022. Prestes a governar o maior estado do pa\u00eds, o ex-ministro da Infraestrutura foi eleito em segundo turno com 13.480.643 votos (55,27%), derrotando o ex-prefeito Fernando Haddad (PT), que obteve 10.909.371 de votos (44,73%).<\/p>\n<p style=\"text-align: justify;\">Questionado sobre o di\u00e1logo com o governo federal eleito, Tarc\u00edsio respondeu:<\/p>\n<p style=\"text-align: justify;\">\u201cOlha, eu fui eleito por 13 milh\u00f5es, 480 mil paulistas para governar por 46 milh\u00f5es de paulistas, ent\u00e3o vou olhar o interesse de todos e isso pressup\u00f5e conversar com o governo federal de uma forma republicana. Isso pressup\u00f5e, por exemplo, buscar do governo federal pol\u00edticas p\u00fablicas para o estado. A gente tem visto nos discursos do presidente eleito a prioridade que ele quer dar para a habita\u00e7\u00e3o, e n\u00f3s temos uma demanda de habita\u00e7\u00e3o aqui. Ent\u00e3o, o que a gente trouxer de programa federal vai vir em adi\u00e7\u00e3o ao que vamos fazer aqui.\u201d<\/p>\n","protected":false},"excerpt":{"rendered":"<p>O governador eleito de S\u00e3o Paulo, Tarc\u00edsio de Freitas (Republicanos), disse, nesta segunda-feira (31\/10), que vai conversar \u201cde forma republicana\u201d&#8230;<\/p>\n","protected":false},"author":2,"featured_media":10327,"comment_status":"open","ping_status":"open","sticky":false,"template":"","format":"standard","meta":{"colormag_page_container_layout":"default_layout","colormag_page_sidebar_layout":"default_layout","jetpack_post_was_ever_published":false,"_jetpack_newsletter_access":"","_jetpack_dont_email_post_to_subs":false,"_jetpack_newsletter_tier_id":0,"_jetpack_memberships_contains_paywalled_content":false,"_jetpack_memberships_contains_paid_content":false,"footnotes":""},"categories":[2],"tags":[],"class_list":["post-10326","post","type-post","status-publish","format-standard","has-post-thumbnail","hentry","category-politica"],"jetpack_featured_media_url":"https:\/\/www.tribunanf.com.br\/blogdoralfereis\/wp-content\/uploads\/sites\/11\/2022\/10\/tarcisio-de-freitas-1-600x400_Easy-Resize.com_.jpg","jetpack_sharing_enabled":true,"_links":{"self":[{"href":"https:\/\/www.tribunanf.com.br\/blogdoralfereis\/wp-json\/wp\/v2\/posts\/10326","targetHints":{"allow":["GET"]}}],"collection":[{"href":"https:\/\/www.tribunanf.com.br\/blogdoralfereis\/wp-json\/wp\/v2\/posts"}],"about":[{"href":"https:\/\/www.tribunanf.com.br\/blogdoralfereis\/wp-json\/wp\/v2\/types\/post"}],"author":[{"embeddable":true,"href":"https:\/\/www.tribunanf.com.br\/blogdoralfereis\/wp-json\/wp\/v2\/users\/2"}],"replies":[{"embeddable":true,"href":"https:\/\/www.tribunanf.com.br\/blogdoralfereis\/wp-json\/wp\/v2\/comments?post=10326"}],"version-history":[{"count":0,"href":"https:\/\/www.tribunanf.com.br\/blogdoralfereis\/wp-json\/wp\/v2\/posts\/10326\/revisions"}],"wp:featuredmedia":[{"embeddable":true,"href":"https:\/\/www.tribunanf.com.br\/blogdoralfereis\/wp-json\/wp\/v2\/media\/10327"}],"wp:attachment":[{"href":"https:\/\/www.tribunanf.com.br\/blogdoralfereis\/wp-json\/wp\/v2\/media?parent=10326"}],"wp:term":[{"taxonomy":"category","embeddable":true,"href":"https:\/\/www.tribunanf.com.br\/blogdoralfereis\/wp-json\/wp\/v2\/categories?post=10326"},{"taxonomy":"post_tag","embeddable":true,"href":"https:\/\/www.tribunanf.com.br\/blogdoralfereis\/wp-json\/wp\/v2\/tags?post=10326"}],"curies":[{"name":"wp","href":"https:\/\/api.w.org\/{rel}","templated":true}]}}