{"id":1027,"date":"2018-10-16T12:25:20","date_gmt":"2018-10-16T15:25:20","guid":{"rendered":"http:\/\/www.tribunanf.com.br\/blogdoralfereis\/?p=1027"},"modified":"2018-10-16T12:25:20","modified_gmt":"2018-10-16T15:25:20","slug":"tre-manda-eduardo-paes-apagar-montagens-sobre-wilson-witzel","status":"publish","type":"post","link":"https:\/\/www.tribunanf.com.br\/blogdoralfereis\/2018\/10\/16\/tre-manda-eduardo-paes-apagar-montagens-sobre-wilson-witzel\/","title":{"rendered":"TRE manda Eduardo Paes apagar montagens sobre Wilson Witzel"},"content":{"rendered":"<p><img loading=\"lazy\" decoding=\"async\" class=\"aligncenter size-full wp-image-821\" src=\"http:\/\/www.tribunanf.com.br\/blogdoralfereis\/wp-content\/uploads\/sites\/11\/2018\/09\/eduardo-paes.jpg\" alt=\"\" width=\"615\" height=\"300\" srcset=\"https:\/\/www.tribunanf.com.br\/blogdoralfereis\/wp-content\/uploads\/sites\/11\/2018\/09\/eduardo-paes.jpg 615w, https:\/\/www.tribunanf.com.br\/blogdoralfereis\/wp-content\/uploads\/sites\/11\/2018\/09\/eduardo-paes-300x146.jpg 300w\" sizes=\"auto, (max-width: 615px) 100vw, 615px\" \/><\/p>\n<p style=\"text-align: justify;\">O desembargador Luiz Fernando de Andrade Pinto, do Tribunal Regional Eleitoral, determinou que o candidato Eduardo Paes pare de veicular na propaganda eleitoral montagens sobre o candidato Wilson Witzel.<\/p>\n<p style=\"text-align: justify;\">O ex-juiz federal Wilson Witzel alegou na representa\u00e7\u00e3o que &#8220;em propaganda eleitoral em rede na TV, veiculada no dia 13 de outubro de 2018, nos blocos diurno, entre 12h10 e 12h20, e noturno, entre 20h40 e 20h50, foram transmitidas imagens por interm\u00e9dio de computa\u00e7\u00e3o gr\u00e1fica, trucagem, montagem e efeitos especiais, cujas pr\u00e1ticas s\u00e3o veementemente proibidas pela legisla\u00e7\u00e3o eleitoral.&#8221;.<\/p>\n<p style=\"text-align: justify;\">Witzel alega ainda que &#8220;al\u00e9m da inclus\u00e3o de recortes de mat\u00e9rias jornal\u00edsticas cujas manchetes s\u00e3o assinaladas artificialmente de amarelo, uma mulher, em tom teatral, recita declara\u00e7\u00f5es atribu\u00eddas ao Representante: \u201c<em>Eles conseguiram me intimidar e isso me fere profundamente. Eles me intimidaram e eu tive que trocar de \u00e1rea para preservar a minha vida.<\/em>\u00a0\u201d.<\/p>\n<p style=\"text-align: justify;\">O desembargador Luiz Fernando determinou a imediata proibi\u00e7\u00e3o da referida propaganda sob pena de multa no valor de R$ 50 mil sobre cada veicula\u00e7\u00e3o indevida.<\/p>\n<p style=\"text-align: justify;\">Confira a decis\u00e3o:<\/p>\n<p><img loading=\"lazy\" decoding=\"async\" class=\"aligncenter size-full wp-image-1028\" src=\"http:\/\/www.tribunanf.com.br\/blogdoralfereis\/wp-content\/uploads\/sites\/11\/2018\/10\/0001-71.jpg\" alt=\"\" width=\"2480\" height=\"3509\" srcset=\"https:\/\/www.tribunanf.com.br\/blogdoralfereis\/wp-content\/uploads\/sites\/11\/2018\/10\/0001-71.jpg 2480w, https:\/\/www.tribunanf.com.br\/blogdoralfereis\/wp-content\/uploads\/sites\/11\/2018\/10\/0001-71-212x300.jpg 212w, https:\/\/www.tribunanf.com.br\/blogdoralfereis\/wp-content\/uploads\/sites\/11\/2018\/10\/0001-71-768x1087.jpg 768w, https:\/\/www.tribunanf.com.br\/blogdoralfereis\/wp-content\/uploads\/sites\/11\/2018\/10\/0001-71-724x1024.jpg 724w\" sizes=\"auto, (max-width: 2480px) 100vw, 2480px\" \/> <img loading=\"lazy\" decoding=\"async\" class=\"aligncenter size-full wp-image-1029\" src=\"http:\/\/www.tribunanf.com.br\/blogdoralfereis\/wp-content\/uploads\/sites\/11\/2018\/10\/0002-62.jpg\" alt=\"\" width=\"2480\" height=\"3509\" srcset=\"https:\/\/www.tribunanf.com.br\/blogdoralfereis\/wp-content\/uploads\/sites\/11\/2018\/10\/0002-62.jpg 2480w, https:\/\/www.tribunanf.com.br\/blogdoralfereis\/wp-content\/uploads\/sites\/11\/2018\/10\/0002-62-212x300.jpg 212w, https:\/\/www.tribunanf.com.br\/blogdoralfereis\/wp-content\/uploads\/sites\/11\/2018\/10\/0002-62-768x1087.jpg 768w, https:\/\/www.tribunanf.com.br\/blogdoralfereis\/wp-content\/uploads\/sites\/11\/2018\/10\/0002-62-724x1024.jpg 724w\" sizes=\"auto, (max-width: 2480px) 100vw, 2480px\" \/> <img loading=\"lazy\" decoding=\"async\" class=\"aligncenter size-full wp-image-1030\" src=\"http:\/\/www.tribunanf.com.br\/blogdoralfereis\/wp-content\/uploads\/sites\/11\/2018\/10\/0003-37.jpg\" alt=\"\" width=\"2480\" height=\"3509\" srcset=\"https:\/\/www.tribunanf.com.br\/blogdoralfereis\/wp-content\/uploads\/sites\/11\/2018\/10\/0003-37.jpg 2480w, https:\/\/www.tribunanf.com.br\/blogdoralfereis\/wp-content\/uploads\/sites\/11\/2018\/10\/0003-37-212x300.jpg 212w, https:\/\/www.tribunanf.com.br\/blogdoralfereis\/wp-content\/uploads\/sites\/11\/2018\/10\/0003-37-768x1087.jpg 768w, https:\/\/www.tribunanf.com.br\/blogdoralfereis\/wp-content\/uploads\/sites\/11\/2018\/10\/0003-37-724x1024.jpg 724w\" sizes=\"auto, (max-width: 2480px) 100vw, 2480px\" \/><\/p>\n","protected":false},"excerpt":{"rendered":"<p>O desembargador Luiz Fernando de Andrade Pinto, do Tribunal Regional Eleitoral, determinou que o candidato Eduardo Paes pare de veicular&#8230;<\/p>\n","protected":false},"author":2,"featured_media":821,"comment_status":"open","ping_status":"open","sticky":false,"template":"","format":"standard","meta":{"colormag_page_container_layout":"default_layout","colormag_page_sidebar_layout":"default_layout","jetpack_post_was_ever_published":false,"_jetpack_newsletter_access":"","_jetpack_dont_email_post_to_subs":false,"_jetpack_newsletter_tier_id":0,"_jetpack_memberships_contains_paywalled_content":false,"_jetpack_memberships_contains_paid_content":false,"footnotes":""},"categories":[2],"tags":[],"class_list":["post-1027","post","type-post","status-publish","format-standard","has-post-thumbnail","hentry","category-politica"],"jetpack_featured_media_url":"https:\/\/www.tribunanf.com.br\/blogdoralfereis\/wp-content\/uploads\/sites\/11\/2018\/09\/eduardo-paes.jpg","jetpack_sharing_enabled":true,"_links":{"self":[{"href":"https:\/\/www.tribunanf.com.br\/blogdoralfereis\/wp-json\/wp\/v2\/posts\/1027","targetHints":{"allow":["GET"]}}],"collection":[{"href":"https:\/\/www.tribunanf.com.br\/blogdoralfereis\/wp-json\/wp\/v2\/posts"}],"about":[{"href":"https:\/\/www.tribunanf.com.br\/blogdoralfereis\/wp-json\/wp\/v2\/types\/post"}],"author":[{"embeddable":true,"href":"https:\/\/www.tribunanf.com.br\/blogdoralfereis\/wp-json\/wp\/v2\/users\/2"}],"replies":[{"embeddable":true,"href":"https:\/\/www.tribunanf.com.br\/blogdoralfereis\/wp-json\/wp\/v2\/comments?post=1027"}],"version-history":[{"count":0,"href":"https:\/\/www.tribunanf.com.br\/blogdoralfereis\/wp-json\/wp\/v2\/posts\/1027\/revisions"}],"wp:featuredmedia":[{"embeddable":true,"href":"https:\/\/www.tribunanf.com.br\/blogdoralfereis\/wp-json\/wp\/v2\/media\/821"}],"wp:attachment":[{"href":"https:\/\/www.tribunanf.com.br\/blogdoralfereis\/wp-json\/wp\/v2\/media?parent=1027"}],"wp:term":[{"taxonomy":"category","embeddable":true,"href":"https:\/\/www.tribunanf.com.br\/blogdoralfereis\/wp-json\/wp\/v2\/categories?post=1027"},{"taxonomy":"post_tag","embeddable":true,"href":"https:\/\/www.tribunanf.com.br\/blogdoralfereis\/wp-json\/wp\/v2\/tags?post=1027"}],"curies":[{"name":"wp","href":"https:\/\/api.w.org\/{rel}","templated":true}]}}