{"id":10177,"date":"2022-09-26T13:38:23","date_gmt":"2022-09-26T16:38:23","guid":{"rendered":"https:\/\/www.tribunanf.com.br\/blogdoralfereis\/?p=10177"},"modified":"2022-09-26T13:38:23","modified_gmt":"2022-09-26T16:38:23","slug":"pesquisa-quaest-para-senado-no-rj-romario-tem-39-clarissa-13-e-molon-12","status":"publish","type":"post","link":"https:\/\/www.tribunanf.com.br\/blogdoralfereis\/2022\/09\/26\/pesquisa-quaest-para-senado-no-rj-romario-tem-39-clarissa-13-e-molon-12\/","title":{"rendered":"Pesquisa Quaest para Senado no RJ: Rom\u00e1rio tem 39%, Clarissa, 13%, e Molon, 12%"},"content":{"rendered":"<p><img loading=\"lazy\" decoding=\"async\" class=\"aligncenter size-large wp-image-9882\" src=\"https:\/\/www.tribunanf.com.br\/blogdoralfereis\/wp-content\/uploads\/sites\/11\/2022\/08\/senadorj_Easy-Resize.com_-1024x612.jpg\" alt=\"\" width=\"800\" height=\"478\" \/><\/p>\n<p style=\"text-align: justify;\">Pesquisa Genial\/Quaest para a elei\u00e7\u00e3o para o Senado do Rio de Janeiro, divulgada nesta segunda-feira (26), traz Rom\u00e1rio (PL) \u00e0 frente, com 39% das inten\u00e7\u00f5es de voto. O primeiro turno das elei\u00e7\u00f5es 2022 est\u00e1 marcado para 2 de outubro.<\/p>\n<p style=\"text-align: justify;\">Na sequ\u00eancia, est\u00e3o Clarissa Garotinho (Uni\u00e3o Brasil), com 13%, Alessandro Molon (PSB), com 12%, e Cabo Daciolo (PDT), com 7%.<\/p>\n<p style=\"text-align: justify;\">Como a margem de erro \u00e9 de 2,5 pontos percentuais para mais ou para menos, h\u00e1 empate t\u00e9cnico entre Clarissa e Molon, na segunda posi\u00e7\u00e3o, e entre Molon e Daciolo, na terceira posi\u00e7\u00e3o.<\/p>\n<p style=\"text-align: justify;\">Ainda aparecem na pesquisa Andr\u00e9 Ceciliano (PT), 5%; Prof. Helvio Costa (DC), 1% e B\u00e1rbara Sinedino (PSTU), tamb\u00e9m com 1%; Itagiba (Avante), Sued Haidar (PMB), Hiran Roedel (PCB) e Raul (UP), aparecem com 0.<\/p>\n<p style=\"text-align: justify;\">A propor\u00e7\u00e3o dos que dizem que ir\u00e3o votar em branco, anular ou deixar de votar chega a 15%. Os indecisos representam 7%.<\/p>\n<p style=\"text-align: justify;\">Foram entrevistadas 1.500 pessoas face a face entre os dias 22 e 25 de setembro.<\/p>\n<p style=\"text-align: justify;\">O levantamento tem 95% de confian\u00e7a. Ou seja, se 100 pesquisas fossem realizadas, ao menos 95 apresentariam os mesmos resultados dentro desta margem. A pesquisa foi registrada na Justi\u00e7a Eleitoral sob o n\u00famero RJ-06442\/2022.<\/p>\n<p style=\"text-align: justify;\">Veja abaixo os resultados.<\/p>\n<p style=\"text-align: justify;\"><strong>Inten\u00e7\u00e3o de voto estimulada para senador no Rio de Janeiro:<\/strong><\/p>\n<ul>\n<li style=\"text-align: justify;\">Rom\u00e1rio (PL) \u2013 39%<\/li>\n<li style=\"text-align: justify;\">Clarissa Garotinho (Uni\u00e3o Brasil) \u2013 13%<\/li>\n<li style=\"text-align: justify;\">Alessandro Molon (PSB) \u2013 12%<\/li>\n<li style=\"text-align: justify;\">Cabo Daciolo (PDT) \u2014 7%<\/li>\n<li style=\"text-align: justify;\">Andr\u00e9 Ceciliano (PT) \u2013 5%<\/li>\n<li style=\"text-align: justify;\">Prof. Helvio Costa (DC) \u2013 1%<\/li>\n<li style=\"text-align: justify;\">B\u00e1rbara Sinedino (PSTU) \u2014 1%<\/li>\n<li style=\"text-align: justify;\">Marcelo Itagiba (Avante) \u2013 0<\/li>\n<li style=\"text-align: justify;\">Sued Haidar (PMB) \u2013 0<\/li>\n<li style=\"text-align: justify;\">Hiran Roedel (PCB) \u2014 0<\/li>\n<li style=\"text-align: justify;\">Raul Bittencourt (UP) \u2014 0<\/li>\n<li style=\"text-align: justify;\">Branco\/Nulo\/N\u00e3o vai votar \u2013 15%<\/li>\n<li style=\"text-align: justify;\">N\u00e3o sabe\/N\u00e3o respondeu \u2013 7%<\/li>\n<\/ul>\n","protected":false},"excerpt":{"rendered":"<p>Pesquisa Genial\/Quaest para a elei\u00e7\u00e3o para o Senado do Rio de Janeiro, divulgada nesta segunda-feira (26), traz Rom\u00e1rio (PL) \u00e0&#8230;<\/p>\n","protected":false},"author":2,"featured_media":0,"comment_status":"open","ping_status":"open","sticky":false,"template":"","format":"standard","meta":{"colormag_page_container_layout":"default_layout","colormag_page_sidebar_layout":"default_layout","jetpack_post_was_ever_published":false,"_jetpack_newsletter_access":"","_jetpack_dont_email_post_to_subs":false,"_jetpack_newsletter_tier_id":0,"_jetpack_memberships_contains_paywalled_content":false,"_jetpack_memberships_contains_paid_content":false,"footnotes":""},"categories":[2],"tags":[],"class_list":["post-10177","post","type-post","status-publish","format-standard","hentry","category-politica"],"jetpack_featured_media_url":"","jetpack_sharing_enabled":true,"_links":{"self":[{"href":"https:\/\/www.tribunanf.com.br\/blogdoralfereis\/wp-json\/wp\/v2\/posts\/10177","targetHints":{"allow":["GET"]}}],"collection":[{"href":"https:\/\/www.tribunanf.com.br\/blogdoralfereis\/wp-json\/wp\/v2\/posts"}],"about":[{"href":"https:\/\/www.tribunanf.com.br\/blogdoralfereis\/wp-json\/wp\/v2\/types\/post"}],"author":[{"embeddable":true,"href":"https:\/\/www.tribunanf.com.br\/blogdoralfereis\/wp-json\/wp\/v2\/users\/2"}],"replies":[{"embeddable":true,"href":"https:\/\/www.tribunanf.com.br\/blogdoralfereis\/wp-json\/wp\/v2\/comments?post=10177"}],"version-history":[{"count":0,"href":"https:\/\/www.tribunanf.com.br\/blogdoralfereis\/wp-json\/wp\/v2\/posts\/10177\/revisions"}],"wp:attachment":[{"href":"https:\/\/www.tribunanf.com.br\/blogdoralfereis\/wp-json\/wp\/v2\/media?parent=10177"}],"wp:term":[{"taxonomy":"category","embeddable":true,"href":"https:\/\/www.tribunanf.com.br\/blogdoralfereis\/wp-json\/wp\/v2\/categories?post=10177"},{"taxonomy":"post_tag","embeddable":true,"href":"https:\/\/www.tribunanf.com.br\/blogdoralfereis\/wp-json\/wp\/v2\/tags?post=10177"}],"curies":[{"name":"wp","href":"https:\/\/api.w.org\/{rel}","templated":true}]}}