{"id":10079,"date":"2022-09-10T13:56:07","date_gmt":"2022-09-10T16:56:07","guid":{"rendered":"https:\/\/www.tribunanf.com.br\/blogdoralfereis\/?p=10079"},"modified":"2022-09-10T13:56:07","modified_gmt":"2022-09-10T16:56:07","slug":"lula-ninguem-quer-saber-se-bolsonaro-e-brocha","status":"publish","type":"post","link":"https:\/\/www.tribunanf.com.br\/blogdoralfereis\/2022\/09\/10\/lula-ninguem-quer-saber-se-bolsonaro-e-brocha\/","title":{"rendered":"Lula: \u201cNingu\u00e9m quer saber se Bolsonaro \u00e9 brocha\u201d"},"content":{"rendered":"<p><img loading=\"lazy\" decoding=\"async\" class=\"aligncenter size-full wp-image-10080\" src=\"https:\/\/www.tribunanf.com.br\/blogdoralfereis\/wp-content\/uploads\/sites\/11\/2022\/09\/WhatsApp-Image-2022-09-10-at-13.55.36.jpeg\" alt=\"\" width=\"732\" height=\"412\" srcset=\"https:\/\/www.tribunanf.com.br\/blogdoralfereis\/wp-content\/uploads\/sites\/11\/2022\/09\/WhatsApp-Image-2022-09-10-at-13.55.36.jpeg 732w, https:\/\/www.tribunanf.com.br\/blogdoralfereis\/wp-content\/uploads\/sites\/11\/2022\/09\/WhatsApp-Image-2022-09-10-at-13.55.36-300x169.jpeg 300w\" sizes=\"auto, (max-width: 732px) 100vw, 732px\" \/><\/p>\n<p style=\"text-align: justify;\">Em com\u00edcio em Tabo\u00e3o da Serra, Lula criticou neste s\u00e1bado (10) o discurso de Jair Bolsonaro nas comemora\u00e7\u00f5es do 7 de Setembro, quando o presidente puxou o coro de \u201cimbroch\u00e1vel\u201d ao lado da primeira-dama Michelle, informa O Antagonista.<\/p>\n<p style=\"text-align: justify;\">\u201cO Brasil n\u00e3o pode aceitar um presidente da Rep\u00fablica que vai no 7 de Setembro dizer que \u00e9 imbroch\u00e1vel\u201d, afirmou Lula.<\/p>\n<p style=\"text-align: justify;\">\u201cOlha, ele estava falando para quem? Para a mulher dele porque ningu\u00e9m quer saber se ele \u00e9 brocha ou n\u00e3o \u00e9 brocha. Isso \u00e9 problema dele, n\u00e3o \u00e9 problema nosso.\u201d<\/p>\n<p style=\"text-align: justify;\">Leia tamb\u00e9m: <strong><a href=\"https:\/\/www.tribunanf.com.br\/blogdoralfereis\/2022\/09\/07\/no-google-brasileiros-querem-saber-o-significado-do-imbrochavel-de-jair-bolsonaro\/\">No Google, brasileiros querem saber o significado do &#8216;imbroch\u00e1vel&#8217; de Jair Bolsonaro<\/a><\/strong><\/p>\n","protected":false},"excerpt":{"rendered":"<p>Em com\u00edcio em Tabo\u00e3o da Serra, Lula criticou neste s\u00e1bado (10) o discurso de Jair Bolsonaro nas comemora\u00e7\u00f5es do 7&#8230;<\/p>\n","protected":false},"author":2,"featured_media":10080,"comment_status":"open","ping_status":"open","sticky":false,"template":"","format":"standard","meta":{"colormag_page_container_layout":"default_layout","colormag_page_sidebar_layout":"default_layout","jetpack_post_was_ever_published":false,"_jetpack_newsletter_access":"","_jetpack_dont_email_post_to_subs":false,"_jetpack_newsletter_tier_id":0,"_jetpack_memberships_contains_paywalled_content":false,"_jetpack_memberships_contains_paid_content":false,"footnotes":""},"categories":[2],"tags":[],"class_list":["post-10079","post","type-post","status-publish","format-standard","has-post-thumbnail","hentry","category-politica"],"jetpack_featured_media_url":"https:\/\/www.tribunanf.com.br\/blogdoralfereis\/wp-content\/uploads\/sites\/11\/2022\/09\/WhatsApp-Image-2022-09-10-at-13.55.36.jpeg","jetpack_sharing_enabled":true,"_links":{"self":[{"href":"https:\/\/www.tribunanf.com.br\/blogdoralfereis\/wp-json\/wp\/v2\/posts\/10079","targetHints":{"allow":["GET"]}}],"collection":[{"href":"https:\/\/www.tribunanf.com.br\/blogdoralfereis\/wp-json\/wp\/v2\/posts"}],"about":[{"href":"https:\/\/www.tribunanf.com.br\/blogdoralfereis\/wp-json\/wp\/v2\/types\/post"}],"author":[{"embeddable":true,"href":"https:\/\/www.tribunanf.com.br\/blogdoralfereis\/wp-json\/wp\/v2\/users\/2"}],"replies":[{"embeddable":true,"href":"https:\/\/www.tribunanf.com.br\/blogdoralfereis\/wp-json\/wp\/v2\/comments?post=10079"}],"version-history":[{"count":0,"href":"https:\/\/www.tribunanf.com.br\/blogdoralfereis\/wp-json\/wp\/v2\/posts\/10079\/revisions"}],"wp:featuredmedia":[{"embeddable":true,"href":"https:\/\/www.tribunanf.com.br\/blogdoralfereis\/wp-json\/wp\/v2\/media\/10080"}],"wp:attachment":[{"href":"https:\/\/www.tribunanf.com.br\/blogdoralfereis\/wp-json\/wp\/v2\/media?parent=10079"}],"wp:term":[{"taxonomy":"category","embeddable":true,"href":"https:\/\/www.tribunanf.com.br\/blogdoralfereis\/wp-json\/wp\/v2\/categories?post=10079"},{"taxonomy":"post_tag","embeddable":true,"href":"https:\/\/www.tribunanf.com.br\/blogdoralfereis\/wp-json\/wp\/v2\/tags?post=10079"}],"curies":[{"name":"wp","href":"https:\/\/api.w.org\/{rel}","templated":true}]}}