{"id":10077,"date":"2022-09-09T19:45:07","date_gmt":"2022-09-09T22:45:07","guid":{"rendered":"https:\/\/www.tribunanf.com.br\/blogdoralfereis\/?p=10077"},"modified":"2022-09-09T19:45:07","modified_gmt":"2022-09-09T22:45:07","slug":"washington-reis-renuncia-a-vaga-de-vice-na-chapa-de-claudio-castro-no-rio","status":"publish","type":"post","link":"https:\/\/www.tribunanf.com.br\/blogdoralfereis\/2022\/09\/09\/washington-reis-renuncia-a-vaga-de-vice-na-chapa-de-claudio-castro-no-rio\/","title":{"rendered":"Washington Reis renuncia \u00e0 vaga de vice na chapa de Cl\u00e1udio Castro no Rio"},"content":{"rendered":"<p><img loading=\"lazy\" decoding=\"async\" class=\"aligncenter size-full wp-image-10046\" src=\"https:\/\/www.tribunanf.com.br\/blogdoralfereis\/wp-content\/uploads\/sites\/11\/2022\/09\/washington-reis-claudio-castro-operacao-policia-federal-reproducao-instagram.jpg\" alt=\"\" width=\"1000\" height=\"600\" srcset=\"https:\/\/www.tribunanf.com.br\/blogdoralfereis\/wp-content\/uploads\/sites\/11\/2022\/09\/washington-reis-claudio-castro-operacao-policia-federal-reproducao-instagram.jpg 1000w, https:\/\/www.tribunanf.com.br\/blogdoralfereis\/wp-content\/uploads\/sites\/11\/2022\/09\/washington-reis-claudio-castro-operacao-policia-federal-reproducao-instagram-300x180.jpg 300w, https:\/\/www.tribunanf.com.br\/blogdoralfereis\/wp-content\/uploads\/sites\/11\/2022\/09\/washington-reis-claudio-castro-operacao-policia-federal-reproducao-instagram-768x461.jpg 768w\" sizes=\"auto, (max-width: 1000px) 100vw, 1000px\" \/><\/p>\n<p style=\"text-align: justify;\">Ap\u00f3s ter tido a candidatura barrada pelo Tribunal Regional Eleitoral do Rio (TRE-RJ) na \u00faltima ter\u00e7a-feira, o ex-prefeito de Duque de Caxias, Washington Reis, assinou a ren\u00fancia \u00e0 vaga de vice na chapa do governador Cl\u00e1udio Castro, que disputa a reelei\u00e7\u00e3o, conforme adiantou o blog Extra, Extra, da jornalista Berenice Seara. N\u00e3o est\u00e1 batido o martelo, no entanto, sobre quem ser\u00e1 o novo postulante a vice. Depois de um jantar nesta quinta-feira entre Castro e representantes do Uni\u00e3o Brasil \u2014 maior partido de sua coliga\u00e7\u00e3o e que reivindica a indica\u00e7\u00e3o \u00e0 vaga \u2014 o nome que permanece mais forte \u00e9 o do deputado federal Vinicius Farah (Uni\u00e3o). Mas ainda n\u00e3o se fechou posi\u00e7\u00e3o oficialmente sobre o substituto de Reis.<\/p>\n<p style=\"text-align: justify;\">Mais cedo, durante sabatina no SBT, Castro chegou a reiterar a esperan\u00e7a de que Reis pudesse ser mantido na chapa, ao afirmar que a defini\u00e7\u00e3o sairia at\u00e9 a pr\u00f3xima segunda-feira. O pr\u00f3prio ex-prefeito de Duque de Caxias, no entanto, j\u00e1 reconhecia os obst\u00e1culos para se manter na corrida eleitoral. Ao GLOBO, ele afirmou que confiava na revers\u00e3o de sua situa\u00e7\u00e3o na Justi\u00e7a. Por\u00e9m, admitia que o maior risco era o prazo para isso, uma vez que 12 de setembro \u00e9 a data limite para o julgamento das a\u00e7\u00f5es no Tribunal Superior Eleitoral (TSE) e substitui\u00e7\u00e3o de candidatos a cargos majorit\u00e1rios.<\/p>\n","protected":false},"excerpt":{"rendered":"<p>Ap\u00f3s ter tido a candidatura barrada pelo Tribunal Regional Eleitoral do Rio (TRE-RJ) na \u00faltima ter\u00e7a-feira, o ex-prefeito de Duque&#8230;<\/p>\n","protected":false},"author":2,"featured_media":10046,"comment_status":"open","ping_status":"open","sticky":false,"template":"","format":"standard","meta":{"colormag_page_container_layout":"default_layout","colormag_page_sidebar_layout":"default_layout","jetpack_post_was_ever_published":false,"_jetpack_newsletter_access":"","_jetpack_dont_email_post_to_subs":false,"_jetpack_newsletter_tier_id":0,"_jetpack_memberships_contains_paywalled_content":false,"_jetpack_memberships_contains_paid_content":false,"footnotes":""},"categories":[2],"tags":[],"class_list":["post-10077","post","type-post","status-publish","format-standard","has-post-thumbnail","hentry","category-politica"],"jetpack_featured_media_url":"https:\/\/www.tribunanf.com.br\/blogdoralfereis\/wp-content\/uploads\/sites\/11\/2022\/09\/washington-reis-claudio-castro-operacao-policia-federal-reproducao-instagram.jpg","jetpack_sharing_enabled":true,"_links":{"self":[{"href":"https:\/\/www.tribunanf.com.br\/blogdoralfereis\/wp-json\/wp\/v2\/posts\/10077","targetHints":{"allow":["GET"]}}],"collection":[{"href":"https:\/\/www.tribunanf.com.br\/blogdoralfereis\/wp-json\/wp\/v2\/posts"}],"about":[{"href":"https:\/\/www.tribunanf.com.br\/blogdoralfereis\/wp-json\/wp\/v2\/types\/post"}],"author":[{"embeddable":true,"href":"https:\/\/www.tribunanf.com.br\/blogdoralfereis\/wp-json\/wp\/v2\/users\/2"}],"replies":[{"embeddable":true,"href":"https:\/\/www.tribunanf.com.br\/blogdoralfereis\/wp-json\/wp\/v2\/comments?post=10077"}],"version-history":[{"count":0,"href":"https:\/\/www.tribunanf.com.br\/blogdoralfereis\/wp-json\/wp\/v2\/posts\/10077\/revisions"}],"wp:featuredmedia":[{"embeddable":true,"href":"https:\/\/www.tribunanf.com.br\/blogdoralfereis\/wp-json\/wp\/v2\/media\/10046"}],"wp:attachment":[{"href":"https:\/\/www.tribunanf.com.br\/blogdoralfereis\/wp-json\/wp\/v2\/media?parent=10077"}],"wp:term":[{"taxonomy":"category","embeddable":true,"href":"https:\/\/www.tribunanf.com.br\/blogdoralfereis\/wp-json\/wp\/v2\/categories?post=10077"},{"taxonomy":"post_tag","embeddable":true,"href":"https:\/\/www.tribunanf.com.br\/blogdoralfereis\/wp-json\/wp\/v2\/tags?post=10077"}],"curies":[{"name":"wp","href":"https:\/\/api.w.org\/{rel}","templated":true}]}}