{"id":10014,"date":"2022-09-02T10:35:02","date_gmt":"2022-09-02T13:35:02","guid":{"rendered":"https:\/\/www.tribunanf.com.br\/blogdoralfereis\/?p=10014"},"modified":"2022-09-02T12:26:30","modified_gmt":"2022-09-02T15:26:30","slug":"justica-julga-improcedente-pedido-da-oposicao-e-mantem-anulada-a-eleicao-da-presidencia-da-camara-de-campos","status":"publish","type":"post","link":"https:\/\/www.tribunanf.com.br\/blogdoralfereis\/2022\/09\/02\/justica-julga-improcedente-pedido-da-oposicao-e-mantem-anulada-a-eleicao-da-presidencia-da-camara-de-campos\/","title":{"rendered":"Justi\u00e7a julga improcedente pedido da oposi\u00e7\u00e3o e mant\u00e9m anulada a elei\u00e7\u00e3o da presid\u00eancia da C\u00e2mara de Campos"},"content":{"rendered":"<p><img loading=\"lazy\" decoding=\"async\" class=\"aligncenter size-full wp-image-9431\" src=\"https:\/\/www.tribunanf.com.br\/blogdoralfereis\/wp-content\/uploads\/sites\/11\/2022\/06\/camara.png\" alt=\"\" width=\"708\" height=\"344\" srcset=\"https:\/\/www.tribunanf.com.br\/blogdoralfereis\/wp-content\/uploads\/sites\/11\/2022\/06\/camara.png 708w, https:\/\/www.tribunanf.com.br\/blogdoralfereis\/wp-content\/uploads\/sites\/11\/2022\/06\/camara-300x146.png 300w\" sizes=\"auto, (max-width: 708px) 100vw, 708px\" \/><\/p>\n<p style=\"text-align: justify;\">O juiz Leonardo Cajueiro, da 3\u00aa Vara C\u00edvel de Campos, julgou improcedente o Mandado de Seguran\u00e7a da bancada de oposi\u00e7\u00e3o que pedia continuidade da elei\u00e7\u00e3o da mesa diretora da C\u00e2mara Municipal, e manteve a anula\u00e7\u00e3o da vota\u00e7\u00e3o que elegeu o vereador Marquinho Bacellar presidente para o bi\u00eanio 2023\/2024.\u00a0A senten\u00e7a foi proferida nessa quinta-feira (1).<\/p>\n<p style=\"text-align: justify;\">A bancada de oposi\u00e7\u00e3o pedia a validade da elei\u00e7\u00e3o de Bacellar, eleito para o bi\u00eanio 2023\/2024, em elei\u00e7\u00e3o antecipada pelo presidente da Casa F\u00e1bio Ribeiro em 15 de fevereiro. No dia seguinte a elei\u00e7\u00e3o, F\u00e1bio suspendeu e anulou o resultado.<\/p>\n<p style=\"text-align: justify;\">O magistrado j\u00e1 havia negado o pedido de liminar em mar\u00e7o (<a href=\"https:\/\/www.tribunanf.com.br\/blogdoralfereis\/2022\/03\/22\/juiz-nega-liminar-a-oposicao-e-mantem-anulacao-da-eleicao-da-mesa-diretora-da-camara-de-campos\/\">aqui<\/a>). Em seguida, o desembargador Luiz Henrique Oliveira Marques, da 11\u00aa C\u00e2mara C\u00edvel do Tribunal de Justi\u00e7a do Rio, tamb\u00e9m indeferiu o pedido da oposi\u00e7\u00e3o (<a href=\"https:\/\/www.tribunanf.com.br\/blogdoralfereis\/2022\/03\/31\/desembargador-nega-liminar-a-oposicao-e-mantem-suspensao-da-eleicao-da-mesa-diretora-da-camara-de-campos\/\">aqui)<\/a>.<\/p>\n<p>Ao denegar o Mandado de Seguran\u00e7a, o magistrado extinguiu o processo.<\/p>\n<p style=\"text-align: justify;\">Confira a senten\u00e7a:<\/p>\n<p><img loading=\"lazy\" decoding=\"async\" class=\"aligncenter size-large wp-image-10015\" src=\"https:\/\/www.tribunanf.com.br\/blogdoralfereis\/wp-content\/uploads\/sites\/11\/2022\/09\/Sentenca-Mesa-Camara-Campos_page-0001-791x1024.jpg\" alt=\"\" width=\"791\" height=\"1024\" srcset=\"https:\/\/www.tribunanf.com.br\/blogdoralfereis\/wp-content\/uploads\/sites\/11\/2022\/09\/Sentenca-Mesa-Camara-Campos_page-0001-791x1024.jpg 791w, https:\/\/www.tribunanf.com.br\/blogdoralfereis\/wp-content\/uploads\/sites\/11\/2022\/09\/Sentenca-Mesa-Camara-Campos_page-0001-232x300.jpg 232w, https:\/\/www.tribunanf.com.br\/blogdoralfereis\/wp-content\/uploads\/sites\/11\/2022\/09\/Sentenca-Mesa-Camara-Campos_page-0001-768x994.jpg 768w, https:\/\/www.tribunanf.com.br\/blogdoralfereis\/wp-content\/uploads\/sites\/11\/2022\/09\/Sentenca-Mesa-Camara-Campos_page-0001-1187x1536.jpg 1187w, https:\/\/www.tribunanf.com.br\/blogdoralfereis\/wp-content\/uploads\/sites\/11\/2022\/09\/Sentenca-Mesa-Camara-Campos_page-0001.jpg 1275w\" sizes=\"auto, (max-width: 791px) 100vw, 791px\" \/> <img loading=\"lazy\" decoding=\"async\" class=\"aligncenter size-large wp-image-10016\" src=\"https:\/\/www.tribunanf.com.br\/blogdoralfereis\/wp-content\/uploads\/sites\/11\/2022\/09\/Sentenca-Mesa-Camara-Campos_page-0002-791x1024.jpg\" alt=\"\" width=\"791\" height=\"1024\" srcset=\"https:\/\/www.tribunanf.com.br\/blogdoralfereis\/wp-content\/uploads\/sites\/11\/2022\/09\/Sentenca-Mesa-Camara-Campos_page-0002-791x1024.jpg 791w, https:\/\/www.tribunanf.com.br\/blogdoralfereis\/wp-content\/uploads\/sites\/11\/2022\/09\/Sentenca-Mesa-Camara-Campos_page-0002-232x300.jpg 232w, https:\/\/www.tribunanf.com.br\/blogdoralfereis\/wp-content\/uploads\/sites\/11\/2022\/09\/Sentenca-Mesa-Camara-Campos_page-0002-768x994.jpg 768w, https:\/\/www.tribunanf.com.br\/blogdoralfereis\/wp-content\/uploads\/sites\/11\/2022\/09\/Sentenca-Mesa-Camara-Campos_page-0002-1187x1536.jpg 1187w, https:\/\/www.tribunanf.com.br\/blogdoralfereis\/wp-content\/uploads\/sites\/11\/2022\/09\/Sentenca-Mesa-Camara-Campos_page-0002.jpg 1275w\" sizes=\"auto, (max-width: 791px) 100vw, 791px\" \/> <img loading=\"lazy\" decoding=\"async\" class=\"aligncenter size-large wp-image-10017\" src=\"https:\/\/www.tribunanf.com.br\/blogdoralfereis\/wp-content\/uploads\/sites\/11\/2022\/09\/Sentenca-Mesa-Camara-Campos_page-0003-791x1024.jpg\" alt=\"\" width=\"791\" height=\"1024\" srcset=\"https:\/\/www.tribunanf.com.br\/blogdoralfereis\/wp-content\/uploads\/sites\/11\/2022\/09\/Sentenca-Mesa-Camara-Campos_page-0003-791x1024.jpg 791w, https:\/\/www.tribunanf.com.br\/blogdoralfereis\/wp-content\/uploads\/sites\/11\/2022\/09\/Sentenca-Mesa-Camara-Campos_page-0003-232x300.jpg 232w, https:\/\/www.tribunanf.com.br\/blogdoralfereis\/wp-content\/uploads\/sites\/11\/2022\/09\/Sentenca-Mesa-Camara-Campos_page-0003-768x994.jpg 768w, https:\/\/www.tribunanf.com.br\/blogdoralfereis\/wp-content\/uploads\/sites\/11\/2022\/09\/Sentenca-Mesa-Camara-Campos_page-0003-1187x1536.jpg 1187w, https:\/\/www.tribunanf.com.br\/blogdoralfereis\/wp-content\/uploads\/sites\/11\/2022\/09\/Sentenca-Mesa-Camara-Campos_page-0003.jpg 1275w\" sizes=\"auto, (max-width: 791px) 100vw, 791px\" \/> <img loading=\"lazy\" decoding=\"async\" class=\"aligncenter size-large wp-image-10018\" src=\"https:\/\/www.tribunanf.com.br\/blogdoralfereis\/wp-content\/uploads\/sites\/11\/2022\/09\/Sentenca-Mesa-Camara-Campos_page-0004-791x1024.jpg\" alt=\"\" width=\"791\" height=\"1024\" srcset=\"https:\/\/www.tribunanf.com.br\/blogdoralfereis\/wp-content\/uploads\/sites\/11\/2022\/09\/Sentenca-Mesa-Camara-Campos_page-0004-791x1024.jpg 791w, https:\/\/www.tribunanf.com.br\/blogdoralfereis\/wp-content\/uploads\/sites\/11\/2022\/09\/Sentenca-Mesa-Camara-Campos_page-0004-232x300.jpg 232w, https:\/\/www.tribunanf.com.br\/blogdoralfereis\/wp-content\/uploads\/sites\/11\/2022\/09\/Sentenca-Mesa-Camara-Campos_page-0004-768x994.jpg 768w, https:\/\/www.tribunanf.com.br\/blogdoralfereis\/wp-content\/uploads\/sites\/11\/2022\/09\/Sentenca-Mesa-Camara-Campos_page-0004-1187x1536.jpg 1187w, https:\/\/www.tribunanf.com.br\/blogdoralfereis\/wp-content\/uploads\/sites\/11\/2022\/09\/Sentenca-Mesa-Camara-Campos_page-0004.jpg 1275w\" sizes=\"auto, (max-width: 791px) 100vw, 791px\" \/><\/p>\n","protected":false},"excerpt":{"rendered":"<p>O juiz Leonardo Cajueiro, da 3\u00aa Vara C\u00edvel de Campos, julgou improcedente o Mandado de Seguran\u00e7a da bancada de oposi\u00e7\u00e3o&#8230;<\/p>\n","protected":false},"author":2,"featured_media":9431,"comment_status":"open","ping_status":"open","sticky":false,"template":"","format":"standard","meta":{"colormag_page_container_layout":"default_layout","colormag_page_sidebar_layout":"default_layout","jetpack_post_was_ever_published":false,"_jetpack_newsletter_access":"","_jetpack_dont_email_post_to_subs":false,"_jetpack_newsletter_tier_id":0,"_jetpack_memberships_contains_paywalled_content":false,"_jetpack_memberships_contains_paid_content":false,"footnotes":""},"categories":[2],"tags":[],"class_list":["post-10014","post","type-post","status-publish","format-standard","has-post-thumbnail","hentry","category-politica"],"jetpack_featured_media_url":"https:\/\/www.tribunanf.com.br\/blogdoralfereis\/wp-content\/uploads\/sites\/11\/2022\/06\/camara.png","jetpack_sharing_enabled":true,"_links":{"self":[{"href":"https:\/\/www.tribunanf.com.br\/blogdoralfereis\/wp-json\/wp\/v2\/posts\/10014","targetHints":{"allow":["GET"]}}],"collection":[{"href":"https:\/\/www.tribunanf.com.br\/blogdoralfereis\/wp-json\/wp\/v2\/posts"}],"about":[{"href":"https:\/\/www.tribunanf.com.br\/blogdoralfereis\/wp-json\/wp\/v2\/types\/post"}],"author":[{"embeddable":true,"href":"https:\/\/www.tribunanf.com.br\/blogdoralfereis\/wp-json\/wp\/v2\/users\/2"}],"replies":[{"embeddable":true,"href":"https:\/\/www.tribunanf.com.br\/blogdoralfereis\/wp-json\/wp\/v2\/comments?post=10014"}],"version-history":[{"count":0,"href":"https:\/\/www.tribunanf.com.br\/blogdoralfereis\/wp-json\/wp\/v2\/posts\/10014\/revisions"}],"wp:featuredmedia":[{"embeddable":true,"href":"https:\/\/www.tribunanf.com.br\/blogdoralfereis\/wp-json\/wp\/v2\/media\/9431"}],"wp:attachment":[{"href":"https:\/\/www.tribunanf.com.br\/blogdoralfereis\/wp-json\/wp\/v2\/media?parent=10014"}],"wp:term":[{"taxonomy":"category","embeddable":true,"href":"https:\/\/www.tribunanf.com.br\/blogdoralfereis\/wp-json\/wp\/v2\/categories?post=10014"},{"taxonomy":"post_tag","embeddable":true,"href":"https:\/\/www.tribunanf.com.br\/blogdoralfereis\/wp-json\/wp\/v2\/tags?post=10014"}],"curies":[{"name":"wp","href":"https:\/\/api.w.org\/{rel}","templated":true}]}}