{"id":10012,"date":"2022-09-01T20:53:06","date_gmt":"2022-09-01T23:53:06","guid":{"rendered":"https:\/\/www.tribunanf.com.br\/blogdoralfereis\/?p=10012"},"modified":"2022-09-01T20:53:06","modified_gmt":"2022-09-01T23:53:06","slug":"datafolha-romario-segue-a-frente-na-disputa-pelo-senado-no-rj-com-31","status":"publish","type":"post","link":"https:\/\/www.tribunanf.com.br\/blogdoralfereis\/2022\/09\/01\/datafolha-romario-segue-a-frente-na-disputa-pelo-senado-no-rj-com-31\/","title":{"rendered":"Datafolha: Rom\u00e1rio segue \u00e0 frente na disputa pelo Senado no RJ, com 31%"},"content":{"rendered":"<p><img loading=\"lazy\" decoding=\"async\" class=\"aligncenter size-large wp-image-9882\" src=\"https:\/\/www.tribunanf.com.br\/blogdoralfereis\/wp-content\/uploads\/sites\/11\/2022\/08\/senadorj_Easy-Resize.com_-1024x612.jpg\" alt=\"\" width=\"800\" height=\"478\" \/><\/p>\n<p style=\"text-align: justify;\">O senador Rom\u00e1rio (PL) se mant\u00e9m na lideran\u00e7a da corrida para o Senado Federal no estado do Rio de Janeiro, com 31% das inten\u00e7\u00f5es de voto, segundo pesquisa Datafolha divulgada nesta quinta-feira (1\u00ba).<\/p>\n<p style=\"text-align: justify;\">Veja os n\u00fameros abaixo:<\/p>\n<ul class=\"content-unordered-list\" style=\"text-align: justify;\">\n<li>Rom\u00e1rio (PL): se manteve com\u00a0<strong>31%<\/strong><\/li>\n<li>Alessandro Molon\u00a0(PSB): se manteve com\u00a0<strong>12%<\/strong><\/li>\n<li>Clarissa (Uni\u00e3o Brasil): foi de 4% para\u00a0<strong>8%<\/strong><\/li>\n<li>Cabo Daciolo\u00a0(PDT): foi de 11% para\u00a0<strong>8%<\/strong><\/li>\n<li>Andr\u00e9 Ceciliano\u00a0(PT): foi de 3% para\u00a0<strong>6%<\/strong><\/li>\n<li>Daniel Silveira (PTB): foi de 7% para\u00a0<strong>6%<\/strong><\/li>\n<li>Dr. Paulo Marcelo (PMB): tem\u00a0<strong>1%<\/strong><\/li>\n<li>Raul (UP): se manteve com\u00a0<strong>1%<\/strong><\/li>\n<li>B\u00e1rbara Sinedino (PSTU): foi de 2% para\u00a0<strong>1%<\/strong><\/li>\n<li>Prof. Helvio Costa (DC): tem\u00a0<strong>1%<\/strong><\/li>\n<li>Itagiba (Avante): foi de 1% para\u00a0<strong>0%<\/strong><\/li>\n<li>Hermano Lemme (PCO):\u00a0<strong>0%<\/strong><\/li>\n<li>Hiran Roedel (PCB):\u00a0<strong>0%<\/strong><\/li>\n<li>Branco ou nulo: eram 19%, agora s\u00e3o\u00a0<strong>13%<\/strong><\/li>\n<li>N\u00e3o sabe: se manteve em\u00a0<strong>10%<\/strong><\/li>\n<\/ul>\n<div class=\"mc-column content-text active-extra-styles \" style=\"text-align: justify;\" data-block-type=\"unstyled\" data-block-weight=\"24\" data-block-id=\"7\">\n<p class=\"content-text__container \" data-track-category=\"Link no Texto\" data-track-links=\"\">Os candidatos Helvio Costa, Dr. Paulo Parcelo e Hermano Lemme n\u00e3o estavam na pesquisa anterior porque registraram as candidaturas ap\u00f3s o registro da pesquisa.<\/p>\n<\/div>\n<div class=\"mc-column content-text active-extra-styles \" style=\"text-align: justify;\" data-block-type=\"unstyled\" data-block-weight=\"34\" data-block-id=\"8\">\n<p class=\"content-text__container \" data-track-category=\"Link no Texto\" data-track-links=\"\">Entre os nomes que dividem a lideran\u00e7a para o governo do Rio de Janeiro, Rom\u00e1rio alcan\u00e7a 40% entre os eleitores de Cl\u00e1udio Castro (PL) e 20% entre os eleitores de Marcelo Freixo (PSB).<\/p>\n<\/div>\n<div class=\"mc-column content-text active-extra-styles \" style=\"text-align: justify;\" data-block-type=\"unstyled\" data-block-weight=\"18\" data-block-id=\"9\">\n<p class=\"content-text__container \" data-track-category=\"Link no Texto\" data-track-links=\"\">J\u00e1 entre os eleitores de Freixo, Alessandro Molon se destaca e alcan\u00e7a 37%, ante 20% de Rom\u00e1rio.<\/p>\n<\/div>\n<div class=\"mc-column content-text active-extra-styles \" style=\"text-align: justify;\" data-block-type=\"unstyled\" data-block-weight=\"32\" data-block-id=\"10\">\n<p class=\"content-text__container \" data-track-category=\"Link no Texto\" data-track-links=\"\">A pesquisa foi encomendada pela TV Globo e pela Folha de S.Paulo. O resultado considera a\u00a0<strong>margem de erro<\/strong>\u00a0da pesquisa, que \u00e9 de\u00a0<strong>3 pontos percentuais<\/strong>, para mais ou menos.<\/p>\n<\/div>\n<div data-track-category=\"multicontent\" data-track-action=\"ultimo chunk conteudo\" data-track-noninteraction=\"false\" data-track-scroll=\"view\">\n<div class=\"mc-column content-text active-extra-styles \" data-block-type=\"unstyled\" data-block-weight=\"42\" data-block-id=\"11\">\n<p class=\"content-text__container \" style=\"text-align: justify;\" data-track-category=\"Link no Texto\" data-track-links=\"\">De acordo com o Datafolha, ao todo foram realizadas\u00a0<strong>1.202 entrevistas<\/strong>, em 34 munic\u00edpios, entre os dias 30 de agosto e 1\u00ba de setembro. O n\u00edvel de\u00a0<strong>confian\u00e7a \u00e9 de 95%<\/strong>. A pesquisa foi registrada no TSE com o n\u00famero\u00a0<strong>RJ-06061\/2022<\/strong>.<\/p>\n<\/div>\n<\/div>\n","protected":false},"excerpt":{"rendered":"<p>O senador Rom\u00e1rio (PL) se mant\u00e9m na lideran\u00e7a da corrida para o Senado Federal no estado do Rio de Janeiro,&#8230;<\/p>\n","protected":false},"author":2,"featured_media":0,"comment_status":"open","ping_status":"open","sticky":false,"template":"","format":"standard","meta":{"colormag_page_container_layout":"default_layout","colormag_page_sidebar_layout":"default_layout","jetpack_post_was_ever_published":false,"_jetpack_newsletter_access":"","_jetpack_dont_email_post_to_subs":false,"_jetpack_newsletter_tier_id":0,"_jetpack_memberships_contains_paywalled_content":false,"_jetpack_memberships_contains_paid_content":false,"footnotes":""},"categories":[2],"tags":[],"class_list":["post-10012","post","type-post","status-publish","format-standard","hentry","category-politica"],"jetpack_featured_media_url":"","jetpack_sharing_enabled":true,"_links":{"self":[{"href":"https:\/\/www.tribunanf.com.br\/blogdoralfereis\/wp-json\/wp\/v2\/posts\/10012","targetHints":{"allow":["GET"]}}],"collection":[{"href":"https:\/\/www.tribunanf.com.br\/blogdoralfereis\/wp-json\/wp\/v2\/posts"}],"about":[{"href":"https:\/\/www.tribunanf.com.br\/blogdoralfereis\/wp-json\/wp\/v2\/types\/post"}],"author":[{"embeddable":true,"href":"https:\/\/www.tribunanf.com.br\/blogdoralfereis\/wp-json\/wp\/v2\/users\/2"}],"replies":[{"embeddable":true,"href":"https:\/\/www.tribunanf.com.br\/blogdoralfereis\/wp-json\/wp\/v2\/comments?post=10012"}],"version-history":[{"count":0,"href":"https:\/\/www.tribunanf.com.br\/blogdoralfereis\/wp-json\/wp\/v2\/posts\/10012\/revisions"}],"wp:attachment":[{"href":"https:\/\/www.tribunanf.com.br\/blogdoralfereis\/wp-json\/wp\/v2\/media?parent=10012"}],"wp:term":[{"taxonomy":"category","embeddable":true,"href":"https:\/\/www.tribunanf.com.br\/blogdoralfereis\/wp-json\/wp\/v2\/categories?post=10012"},{"taxonomy":"post_tag","embeddable":true,"href":"https:\/\/www.tribunanf.com.br\/blogdoralfereis\/wp-json\/wp\/v2\/tags?post=10012"}],"curies":[{"name":"wp","href":"https:\/\/api.w.org\/{rel}","templated":true}]}}